{"id":1011,"date":"2010-06-15T22:30:06","date_gmt":"2010-06-15T15:30:06","guid":{"rendered":"http:\/\/proceskhmersrouges.net\/?p=1011"},"modified":"2010-12-01T23:38:16","modified_gmt":"2010-12-01T16:38:16","slug":"%c2%ab-j%e2%80%99ai-attendu-trente-ans-pour-une-seule-journee-de-deposition-%c2%bb","status":"publish","type":"post","link":"https:\/\/proceskhmersrouges.net\/?p=1011","title":{"rendered":"\u00ab J\u2019ai attendu trente ans pour une seule journ\u00e9e de d\u00e9position \u00bb"},"content":{"rendered":"<p><br class=\"spacer_\" \/><\/p>\n<figure id=\"attachment_1016\" aria-describedby=\"caption-attachment-1016\" style=\"width: 400px\" class=\"wp-caption aligncenter\"><img loading=\"lazy\" class=\"size-full wp-image-1016\" title=\"vann-nath-blog\" src=\"http:\/\/proceskhmersrouges.net\/wp-content\/uploads\/2010\/06\/vann-nath-blog.jpg\" alt=\"Vann Nath photographi\u00e9 au cours d'un atelier avec Sera et une dizaine de jeunes artistes cambodgiens au centre Bophana au d\u00e9but de l'ann\u00e9e 2009. (Anne-Laure Por\u00e9e)\" width=\"400\" height=\"533\" srcset=\"https:\/\/proceskhmersrouges.net\/wp-content\/uploads\/2010\/06\/vann-nath-blog.jpg 400w, https:\/\/proceskhmersrouges.net\/wp-content\/uploads\/2010\/06\/vann-nath-blog-225x300.jpg 225w\" sizes=\"(max-width: 400px) 100vw, 400px\" \/><figcaption id=\"caption-attachment-1016\" class=\"wp-caption-text\">Vann Nath photographi\u00e9 au cours d&#39;un atelier avec Sera et une dizaine de jeunes artistes cambodgiens au centre Bophana au d\u00e9but de l&#39;ann\u00e9e 2009. (Anne-Laure Por\u00e9e)<\/figcaption><\/figure>\n<p><br class=\"spacer_\" \/><\/p>\n<p><br class=\"spacer_\" \/><\/p>\n<p><span style=\"color: #000000;\"><strong>Le proc\u00e8s a-t-il r\u00e9ussi \u00e0 d\u00e9montrer le degr\u00e9 de responsabilit\u00e9 de Duch ?<\/strong><\/span><br \/>\n Pas de mani\u00e8re approfondie. Quand Duch argumente qu&rsquo;il a re\u00e7u des ordres fermes et indiscutables, c&rsquo;est presque lui qui devient une victime parce qu&rsquo;il a re\u00e7u des ordres. C&rsquo;est contraire \u00e0 ce que je sais de lui \u00e0 l&rsquo;\u00e9poque. Le tribunal n&rsquo;a pas r\u00e9ussi \u00e0 d\u00e9montrer avec exactitude l&rsquo;\u00e9tendue du pouvoir de Duch \u00e0 la t\u00eate de S21. Duch dit par exemple qu&rsquo;il n&rsquo;avait pas la possibilit\u00e9 d&rsquo;aider qui que ce soit mais en r\u00e9alit\u00e9 il \u00e9tait un dirigeant extraordinaire, au sens propre du terme. Il \u00e9tait au sommet. Bien s\u00fbr qu&rsquo;il a re\u00e7u des ordres mais le pouvoir qu&rsquo;il avait en main pour d\u00e9cider des choses, il s&rsquo;en est servi.<\/p>\n<p><br class=\"spacer_\" \/><\/p>\n<p><strong>En quoi ce proc\u00e8s a-t-il \u00e9t\u00e9 utile ?<\/strong><br \/>\n La seule chose que j&rsquo;ai vue depuis deux ans, c&rsquo;est que le fonctionnement du tribunal est diff\u00e9rent de ce qui se pratique dans le pays, des d\u00e9bats ont lieu. Mais pour moi ce n&rsquo;est pas le plus important. Le plus important, c&rsquo;est comment on solde les comptes avec l&rsquo;accus\u00e9. Lors de ma d\u00e9position, j&rsquo;ai pu mesurer la diff\u00e9rence entre mes droits, ma libert\u00e9 de parole et ceux de l&rsquo;accus\u00e9. D\u00e8s qu&rsquo;on essaye d&rsquo;aller au-del\u00e0 de la question pos\u00e9e, on vous arr\u00eate tout de suite. L&rsquo;accus\u00e9, lui, choisit de r\u00e9pondre ou pas.<\/p>\n<p><br class=\"spacer_\" \/><\/p>\n<p><strong>Que retenez-vous d&rsquo;autre de votre t\u00e9moignage au proc\u00e8s ? <\/strong><br \/>\n Que j&rsquo;ai attendu trente ans pour une seule journ\u00e9e de d\u00e9position.<\/p>\n<p><br class=\"spacer_\" \/><\/p>\n<p><strong>Quelle image gardez-vous de Duch ?<\/strong><br \/>\n Duch ne dit pas les choses clairement, il les contourne tout le temps. Et puis \u00e0 la fin il demande sa lib\u00e9ration. Comme il \u00e9tait un dirigeant hors du commun, il devrait accepter ses crimes. Pourquoi demande-t-il sa lib\u00e9ration ? Lui n&rsquo;a jamais appliqu\u00e9 de mesure de lib\u00e9ration \u00e0 aucun d\u00e9tenu de S21 quand il en \u00e9tait le directeur.<\/p>\n<p><br class=\"spacer_\" \/><\/p>\n<p><strong>Duch est-il un manipulateur ?<\/strong><br \/>\n Quand il y a des documents, des preuves, il reconna\u00eet ses crimes. Il a l&rsquo;habitude de dire ce qu&rsquo;ont fait ses subordonn\u00e9s et de les couvrir en tant que responsable. Mais en m\u00eame temps, il y a des choses qu&rsquo;il a faites et qu&rsquo;il r\u00e9fute, par exemple le r\u00e8glement des interrogatoires, que j&rsquo;ai vu moi-m\u00eame dans la salle d&rsquo;interrogatoire. Il dit que ce r\u00e8glement n&rsquo;a jamais exist\u00e9. Il dit aussi qu&rsquo;il n&rsquo;est jamais all\u00e9 dans une salle d&rsquo;interrogatoire, alors comment sait-il qu&rsquo;il n&rsquo;y avait pas de r\u00e8glement dans ces salles ?<br \/>\n Autre exemple, \u00e0 propos des cordes. J&rsquo;ai vu de mes propres yeux, la nuit, qu&rsquo;elles servaient lors de s\u00e9ances de torture \u00e0 suspendre des hommes attach\u00e9s par les bras dans le dos. Duch a dit que \u00e7a n&rsquo;existait pas, il a contest\u00e9. Alors c&rsquo;est pour moi une tr\u00e8s grande d\u00e9ception. Quelqu&rsquo;un &lsquo;d&rsquo;extraordinaire&rsquo; reconna\u00eetrait avoir tu\u00e9 des milliers de personnes et ne demanderait pas \u00e0 \u00eatre lib\u00e9r\u00e9. L\u00e2chet\u00e9, opportunisme&#8230; En khmer, on a un proverbe : \u00ab Quand la t\u00eate (du poisson) est cuite, tu manges la t\u00eate ; quand la queue est cuite, tu manges la queue. \u00bb<\/p>\n<p><em>A lire :<\/em><em> Dans l&rsquo;enfer de Tuol Sleng, Vann Nath<\/em>, \u00e9dit\u00e9 par Calmann-L\u00e9vy.<\/p>\n<p><br class=\"spacer_\" \/><\/p>\n<p><br class=\"spacer_\" \/><\/p>\n<p><span style=\"color: #99cc00;\"><strong>Un homme en convalescence<\/strong><\/span><br \/>\n A la fin du mois d&rsquo;avril, Vann Nath a eu de gros probl\u00e8mes de sant\u00e9. Un appel urgent lanc\u00e9 par le r\u00e9alisateur Rithy Panh a mobilis\u00e9 suffisamment de donateurs pour permettre de financer ses soins m\u00e9dicaux. Aujourd&rsquo;hui Vann Nath continue de r\u00e9cup\u00e9rer.<br \/>\n Alors que les accus\u00e9s Khieu Samphan, Ieng Sary, Nuon Chea, Ieng Thirith et Duch b\u00e9n\u00e9ficient gratuitement d&rsquo;une assistance m\u00e9dicale, rien n&rsquo;a \u00e9t\u00e9 cr\u00e9\u00e9 ou imagin\u00e9 pour venir en aide \u00e0 des t\u00e9moins majeurs comme Vann Nath. Pas de fond de solidarit\u00e9. Pas d&rsquo;initiative en faveur des victimes. Juste des initiatives individuelles en marge du monde des puissants qui eux, faut-il le pr\u00e9ciser ?, sont dispens\u00e9s de frais m\u00e9dicaux&#8230;<\/p>\n<p><br class=\"spacer_\" \/><\/p>\n<p><em>A voir : <\/em><\/p>\n<p><a title=\"Cercle des amis de Vann Nath\" href=\"http:\/\/lecercledesamisdevannnath.blogspot.com\/\">Le site du Cercle des amis de Vann Nath<\/a><\/p>\n<p><a title=\"Site de John Weeks sur Vann Nath\" href=\"http:\/\/www.vannnath.com\/\">Site web sur Vann Nath<\/a><\/p>\n","protected":false},"excerpt":{"rendered":"<p>Vann Nath est l\u2019un des seuls rescap\u00e9s encore en vie de S21. Peintre de m\u00e9tier, il a r\u00e9alis\u00e9 les tableaux du mus\u00e9e du g\u00e9nocide de Toul Sleng, \u00e0 Phnom Penh, dans lesquels il d\u00e9crit le quotidien des prisonniers. T\u00e9moin dans le proc\u00e8s contre Duch, il appr\u00e9hende le verdict, sans grand espoir d\u2019une condamnation \u00e0 la hauteur de ses attentes. (Cet entretien a eu lieu en mars 2010 mais n\u2019a pu \u00eatre diffus\u00e9 sur ce blog plus t\u00f4t car il a servi de base \u00e0 une publication).<\/p>\n","protected":false},"author":1,"featured_media":1016,"comment_status":"open","ping_status":"open","sticky":false,"template":"","format":"standard","meta":[],"categories":[4],"tags":[],"_links":{"self":[{"href":"https:\/\/proceskhmersrouges.net\/index.php?rest_route=\/wp\/v2\/posts\/1011"}],"collection":[{"href":"https:\/\/proceskhmersrouges.net\/index.php?rest_route=\/wp\/v2\/posts"}],"about":[{"href":"https:\/\/proceskhmersrouges.net\/index.php?rest_route=\/wp\/v2\/types\/post"}],"author":[{"embeddable":true,"href":"https:\/\/proceskhmersrouges.net\/index.php?rest_route=\/wp\/v2\/users\/1"}],"replies":[{"embeddable":true,"href":"https:\/\/proceskhmersrouges.net\/index.php?rest_route=%2Fwp%2Fv2%2Fcomments&post=1011"}],"version-history":[{"count":9,"href":"https:\/\/proceskhmersrouges.net\/index.php?rest_route=\/wp\/v2\/posts\/1011\/revisions"}],"predecessor-version":[{"id":1100,"href":"https:\/\/proceskhmersrouges.net\/index.php?rest_route=\/wp\/v2\/posts\/1011\/revisions\/1100"}],"wp:featuredmedia":[{"embeddable":true,"href":"https:\/\/proceskhmersrouges.net\/index.php?rest_route=\/wp\/v2\/media\/1016"}],"wp:attachment":[{"href":"https:\/\/proceskhmersrouges.net\/index.php?rest_route=%2Fwp%2Fv2%2Fmedia&parent=1011"}],"wp:term":[{"taxonomy":"category","embeddable":true,"href":"https:\/\/proceskhmersrouges.net\/index.php?rest_route=%2Fwp%2Fv2%2Fcategories&post=1011"},{"taxonomy":"post_tag","embeddable":true,"href":"https:\/\/proceskhmersrouges.net\/index.php?rest_route=%2Fwp%2Fv2%2Ftags&post=1011"}],"curies":[{"name":"wp","href":"https:\/\/api.w.org\/{rel}","templated":true}]}}