{"id":1239,"date":"2011-06-27T15:06:36","date_gmt":"2011-06-27T08:06:36","guid":{"rendered":"http:\/\/proceskhmersrouges.net\/?p=1239"},"modified":"2011-06-27T15:09:59","modified_gmt":"2011-06-27T08:09:59","slug":"ouverture-du-proces-numero-2","status":"publish","type":"post","link":"https:\/\/proceskhmersrouges.net\/?p=1239","title":{"rendered":"Ouverture du proc\u00e8s num\u00e9ro 2"},"content":{"rendered":"<p><br class=\"spacer_\" \/><\/p>\n<figure id=\"attachment_1241\" aria-describedby=\"caption-attachment-1241\" style=\"width: 400px\" class=\"wp-caption aligncenter\"><a rel=\"attachment wp-att-1241\" href=\"http:\/\/proceskhmersrouges.net\/?attachment_id=1241\"><img loading=\"lazy\" class=\"size-full wp-image-1241\" title=\"Blog 27 juin 2011\" src=\"http:\/\/proceskhmersrouges.net\/wp-content\/uploads\/2011\/06\/Blog-27-juin-20111.jpg\" alt=\"\" width=\"400\" height=\"300\" srcset=\"https:\/\/proceskhmersrouges.net\/wp-content\/uploads\/2011\/06\/Blog-27-juin-20111.jpg 400w, https:\/\/proceskhmersrouges.net\/wp-content\/uploads\/2011\/06\/Blog-27-juin-20111-150x112.jpg 150w, https:\/\/proceskhmersrouges.net\/wp-content\/uploads\/2011\/06\/Blog-27-juin-20111-300x225.jpg 300w\" sizes=\"(max-width: 400px) 100vw, 400px\" \/><\/a><figcaption id=\"caption-attachment-1241\" class=\"wp-caption-text\">200 \u00e9tudiants sont venus assister \u00e0 la premi\u00e8re audience du proc\u00e8s contre Khieu Samphan, Nuon Chea, Ieng Sary et Ieng Thirith. (Anne-Laure Por\u00e9e)<\/figcaption><\/figure>\n<p><br class=\"spacer_\" \/><\/p>\n<p><br class=\"spacer_\" \/><\/p>\n<p>Ils sont l\u00e0 tous les quatre, assis derri\u00e8re leurs avocats : Khieu Samphan, ancien chef de l\u2019Etat du Kampuchea d\u00e9mocratique, Nuon Chea, ancien bras droit de Pol Pot et pilier de l\u2019appareil s\u00e9curitaire, Ieng Sary, ex-ministre des Affaires \u00e9trang\u00e8res et sa femme Ieng Thirith, ex-ministre de l\u2019Action sociale. Ils comparaissent pour g\u00e9nocide commis \u00e0 l\u2019encontre des Cham (population musulmane du Cambodge) et des Vietnamiens, ils devront r\u00e9pondre \u00e9galement de crimes contre l\u2019humanit\u00e9 et violations graves des conventions de Gen\u00e8ve.<\/p>\n<p><br class=\"spacer_\" \/><\/p>\n<p><strong>Nuremberg \u00e0 Phnom Penh<\/strong><\/p>\n<p>Pour le procureur international Andrew Cayley, ce proc\u00e8s, qui concerne plusieurs dirigeants en m\u00eame temps, sera le plus important et le plus complexe depuis Nuremberg. \u00abLe d\u00e9fi sera de tout faire pour qu\u2019il soit rapide et qu\u2019il satisfasse les victimes et leurs familles. Et le peuple cambodgien. Cette cour va soulever la question des circonstances de la mort de plus d\u20191,8 million de personnes. Une des pires catastrophes humaines du XXe si\u00e8cle.\u00bb<\/p>\n<p>La complexit\u00e9 du cas tient, selon le bureau du co-procureur, au nombre de crimes, \u00e0 leur dur\u00e9e, au nombre de victimes, au nombre de t\u00e9moins, \u00e0 la quantit\u00e9 de preuves&#8230; A travers le jugement de ces dirigeants, l\u2019id\u00e9ologie du r\u00e9gime (qui a conduit \u00e0 la d\u00e9portation de population, \u00e0 la famine, \u00e0 la destruction de classe, aux ex\u00e9cutions massives, au travail et aux mariages forc\u00e9s&#8230;) devrait \u00eatre au c\u0153ur des d\u00e9bats&#8230; \u00e0 partir de septembre. Car les audiences sur le fond ne d\u00e9buteront pas avant la rentr\u00e9e.<\/p>\n<p><br class=\"spacer_\" \/><\/p>\n<p><strong>3 850 parties civiles<\/strong><\/p>\n<p>Dans ce proc\u00e8s d\u2019envergure, les victimes sont repr\u00e9sent\u00e9es par 3\u00a0850 parties civiles, une premi\u00e8re dans l\u2019histoire de la justice p\u00e9nale internationale. 1 747 dossiers avaient pourtant\u00a0 \u00e9t\u00e9 d\u00e9bout\u00e9s par le bureau des juges d\u2019instruction mais la Chambre pr\u00e9liminaire a annonc\u00e9 la r\u00e9int\u00e9gration de 1 728 personnes dans la proc\u00e9dure \u00e0 deux jours de l\u2019ouverture du proc\u00e8s. Le nombre de parties civiles d\u00e9montre leur besoin de justice et prouve une certaine confiance dans le processus judiciaire. \u00abA travers elles, c\u2019est tout un pays qui va parler\u00bb, note un observateur du tribunal. \u00abBeaucoup de Cambodgiens ne disent pas ce qu\u2019ils ont v\u00e9cu. La voix des parties civiles et la qualit\u00e9 des t\u00e9moignages est essentielle, elles doivent \u00eatre \u00e9cout\u00e9es pour reconstituer l\u2019histoire commune car il n\u2019y a rien \u00e0 attendre du c\u00f4t\u00e9 des accus\u00e9s.\u00bb<\/p>\n<p>De la m\u00eame mani\u00e8re que le proc\u00e8s de Duch avait pouss\u00e9 \u00e0 l\u2019inscription d\u2019un chapitre d\u2019histoire sur le r\u00e9gime khmer rouge dans les programmes scolaires et lib\u00e9r\u00e9, au sein des familles, une parole contenue pendant plus de trente ans, le proc\u00e8s de ces dirigeants, beaucoup plus connus que Duch, devrait creuser le m\u00eame sillon.<\/p>\n","protected":false},"excerpt":{"rendered":"<p>Beaucoup ont longtemps cru que le proc\u00e8s des anciens dirigeants khmers rouges n\u2019aurait jamais lieu mais ce matin, les quatre plus hauts responsables du r\u00e9gime encore en vie font face aux juges. Ces audiences dites techniques doivent permettre entre autres d\u2019entendre une s\u00e9rie d\u2019arguments pr\u00e9liminaires des avocats de la d\u00e9fense. Les audiences sur le fond sont pr\u00e9vues, selon le procureur, en septembre.<\/p>\n","protected":false},"author":1,"featured_media":1241,"comment_status":"open","ping_status":"open","sticky":false,"template":"","format":"standard","meta":[],"categories":[17],"tags":[],"_links":{"self":[{"href":"https:\/\/proceskhmersrouges.net\/index.php?rest_route=\/wp\/v2\/posts\/1239"}],"collection":[{"href":"https:\/\/proceskhmersrouges.net\/index.php?rest_route=\/wp\/v2\/posts"}],"about":[{"href":"https:\/\/proceskhmersrouges.net\/index.php?rest_route=\/wp\/v2\/types\/post"}],"author":[{"embeddable":true,"href":"https:\/\/proceskhmersrouges.net\/index.php?rest_route=\/wp\/v2\/users\/1"}],"replies":[{"embeddable":true,"href":"https:\/\/proceskhmersrouges.net\/index.php?rest_route=%2Fwp%2Fv2%2Fcomments&post=1239"}],"version-history":[{"count":5,"href":"https:\/\/proceskhmersrouges.net\/index.php?rest_route=\/wp\/v2\/posts\/1239\/revisions"}],"predecessor-version":[{"id":1245,"href":"https:\/\/proceskhmersrouges.net\/index.php?rest_route=\/wp\/v2\/posts\/1239\/revisions\/1245"}],"wp:featuredmedia":[{"embeddable":true,"href":"https:\/\/proceskhmersrouges.net\/index.php?rest_route=\/wp\/v2\/media\/1241"}],"wp:attachment":[{"href":"https:\/\/proceskhmersrouges.net\/index.php?rest_route=%2Fwp%2Fv2%2Fmedia&parent=1239"}],"wp:term":[{"taxonomy":"category","embeddable":true,"href":"https:\/\/proceskhmersrouges.net\/index.php?rest_route=%2Fwp%2Fv2%2Fcategories&post=1239"},{"taxonomy":"post_tag","embeddable":true,"href":"https:\/\/proceskhmersrouges.net\/index.php?rest_route=%2Fwp%2Fv2%2Ftags&post=1239"}],"curies":[{"name":"wp","href":"https:\/\/api.w.org\/{rel}","templated":true}]}}