{"id":1316,"date":"2011-09-06T00:40:50","date_gmt":"2011-09-05T17:40:50","guid":{"rendered":"http:\/\/proceskhmersrouges.net\/?p=1316"},"modified":"2011-09-10T19:33:42","modified_gmt":"2011-09-10T12:33:42","slug":"vann-nath-temoin-majeur-de-s21-sest-eteint","status":"publish","type":"post","link":"https:\/\/proceskhmersrouges.net\/?p=1316","title":{"rendered":"Vann Nath, t\u00e9moin majeur de S21, s&rsquo;est \u00e9teint"},"content":{"rendered":"<p><br class=\"spacer_\" \/><\/p>\n<p style=\"text-align: center;\"><a rel=\"attachment wp-att-1343\" href=\"http:\/\/proceskhmersrouges.net\/?attachment_id=1343\"><img loading=\"lazy\" class=\"aligncenter size-full wp-image-1343\" title=\"Vann Nath br\u00e8ve\" src=\"http:\/\/proceskhmersrouges.net\/wp-content\/uploads\/2011\/09\/Vann-Nath-br\u00e8ve.jpg\" alt=\"\" width=\"200\" height=\"245\" srcset=\"https:\/\/proceskhmersrouges.net\/wp-content\/uploads\/2011\/09\/Vann-Nath-br\u00e8ve.jpg 200w, https:\/\/proceskhmersrouges.net\/wp-content\/uploads\/2011\/09\/Vann-Nath-br\u00e8ve-122x150.jpg 122w\" sizes=\"(max-width: 200px) 100vw, 200px\" \/><\/a><\/p>\n<div class=\"mceTemp mceIEcenter\">\n<dl id=\"attachment_1323\" class=\"wp-caption aligncenter\" style=\"width: 206px;\">\n<dd class=\"wp-caption-dd\">Vann Nath. (Anne-Laure Por\u00e9e)<\/dd>\n<\/dl>\n<\/div>\n<p>Vann Nath, 66 ans, \u00e9tait plong\u00e9 dans le coma depuis une dizaine de jours. Il s&rsquo;est \u00e9teint le 5 septembre peu avant 13h, dans une clinique priv\u00e9e de Phnom Penh. Depuis 1979, il t\u00e9moignait sans rel\u00e2che sur la machine de mort khm\u00e8re rouge que fut le centre d&rsquo;extermination S21. Ses tableaux consacr\u00e9s au quotidien des prisonniers \u00e0 S21 et aux m\u00e9thodes de torture constituent l&rsquo;outil p\u00e9dagogique le plus pr\u00e9cieux du mus\u00e9e du g\u00e9nocide de Phnom Penh. Ils ont aussi profond\u00e9ment marqu\u00e9 ceux qui ont assist\u00e9 \u00e0 l&rsquo;audience de Vann Nath en juin 2009, lorsqu&rsquo;il fut entendu par les juges charg\u00e9s de juger Duch, ex-directeur de S21. Dans le documentaire de Rithy Panh \u00ab\u00a0S21, la machine de mort khm\u00e8re rouge\u00a0\u00bb, il est un contradicteur exemplaire des anciens Khmers rouges : calme, ferme, intransigeant. Vann Nath est mort sans avoir entendu le verdict d\u00e9finitif contre Duch.<\/p>\n","protected":false},"excerpt":{"rendered":"<p>Vann Nath. (Anne-Laure Por\u00e9e) Vann Nath, 66 ans, \u00e9tait plong\u00e9 dans le coma depuis une dizaine de jours. Il s&rsquo;est \u00e9teint le 5 septembre peu avant 13h, dans une clinique priv\u00e9e de Phnom Penh. Depuis 1979, il t\u00e9moignait sans rel\u00e2che sur la machine de mort khm\u00e8re rouge que fut le centre d&rsquo;extermination S21. Ses tableaux &hellip; <\/p>\n<p class=\"link-more\"><a href=\"https:\/\/proceskhmersrouges.net\/?p=1316\" class=\"more-link\">Continuer la lecture<span class=\"screen-reader-text\"> de &laquo;&nbsp;Vann Nath, t\u00e9moin majeur de S21, s&rsquo;est \u00e9teint&nbsp;&raquo;<\/span><\/a><\/p>\n","protected":false},"author":1,"featured_media":0,"comment_status":"open","ping_status":"open","sticky":false,"template":"","format":"standard","meta":[],"categories":[16],"tags":[],"_links":{"self":[{"href":"https:\/\/proceskhmersrouges.net\/index.php?rest_route=\/wp\/v2\/posts\/1316"}],"collection":[{"href":"https:\/\/proceskhmersrouges.net\/index.php?rest_route=\/wp\/v2\/posts"}],"about":[{"href":"https:\/\/proceskhmersrouges.net\/index.php?rest_route=\/wp\/v2\/types\/post"}],"author":[{"embeddable":true,"href":"https:\/\/proceskhmersrouges.net\/index.php?rest_route=\/wp\/v2\/users\/1"}],"replies":[{"embeddable":true,"href":"https:\/\/proceskhmersrouges.net\/index.php?rest_route=%2Fwp%2Fv2%2Fcomments&post=1316"}],"version-history":[{"count":12,"href":"https:\/\/proceskhmersrouges.net\/index.php?rest_route=\/wp\/v2\/posts\/1316\/revisions"}],"predecessor-version":[{"id":1345,"href":"https:\/\/proceskhmersrouges.net\/index.php?rest_route=\/wp\/v2\/posts\/1316\/revisions\/1345"}],"wp:attachment":[{"href":"https:\/\/proceskhmersrouges.net\/index.php?rest_route=%2Fwp%2Fv2%2Fmedia&parent=1316"}],"wp:term":[{"taxonomy":"category","embeddable":true,"href":"https:\/\/proceskhmersrouges.net\/index.php?rest_route=%2Fwp%2Fv2%2Fcategories&post=1316"},{"taxonomy":"post_tag","embeddable":true,"href":"https:\/\/proceskhmersrouges.net\/index.php?rest_route=%2Fwp%2Fv2%2Ftags&post=1316"}],"curies":[{"name":"wp","href":"https:\/\/api.w.org\/{rel}","templated":true}]}}