{"id":1421,"date":"2011-10-18T18:49:37","date_gmt":"2011-10-18T11:49:37","guid":{"rendered":"http:\/\/proceskhmersrouges.net\/?p=1421"},"modified":"2011-10-18T18:54:15","modified_gmt":"2011-10-18T11:54:15","slug":"cas-002-les-audiences-sur-le-fond-debuteront-le-21-novembre","status":"publish","type":"post","link":"https:\/\/proceskhmersrouges.net\/?p=1421","title":{"rendered":"D\u00e9but des audiences sur le fond le 21\u00a0novembre"},"content":{"rendered":"<p>Les premi\u00e8res journ\u00e9es d\u2019audience sur le fond du cas 002 (proc\u00e8s contre Nuon Chea, Ieng Sary, Ieng Thirith et Khieu Samphan) seront consacr\u00e9es \u00e0 la lecture des chefs d\u2019accusation contre les accus\u00e9s ainsi qu\u2019\u00e0 l\u2019exposition des faits qui leur sont reproch\u00e9s par les co-procureurs. M\u00eame si le proc\u00e8s a fait l\u2019objet d\u2019une <a title=\"La disjonction du proc\u00e8s 2 ne fait pas l'unanimit\u00e9\" href=\"http:\/\/proceskhmersrouges.net\/?p=1383\">disjonction<\/a> et fera donc l\u2019objet de plusieurs chapitres, les juges souhaitent entendre les procureurs s\u2019exprimer sur l\u2019ensemble des chefs d\u2019accusation et l\u2019ensemble des faits, y compris ceux qui seront trait\u00e9s aux \u00e9tapes ult\u00e9rieures. La d\u00e9fense de chaque accus\u00e9 r\u00e9pondra aux co-procureurs. Les \u00e9l\u00e9ments de preuve seront examin\u00e9s \u00e0 partir du 28 novembre 2011 et les audiences dureront jusqu\u2019au 16 d\u00e9cembre. Elles reprendront ensuite le 9 janvier 2012.<\/p>\n","protected":false},"excerpt":{"rendered":"<p>Les premi\u00e8res journ\u00e9es d\u2019audience sur le fond du cas 002 (proc\u00e8s contre Nuon Chea, Ieng Sary, Ieng Thirith et Khieu Samphan) seront consacr\u00e9es \u00e0 la lecture des chefs d\u2019accusation contre les accus\u00e9s ainsi qu\u2019\u00e0 l\u2019exposition des faits qui leur sont reproch\u00e9s par les co-procureurs. M\u00eame si le proc\u00e8s a fait l\u2019objet d\u2019une disjonction et fera &hellip; <\/p>\n<p class=\"link-more\"><a href=\"https:\/\/proceskhmersrouges.net\/?p=1421\" class=\"more-link\">Continuer la lecture<span class=\"screen-reader-text\"> de &laquo;&nbsp;D\u00e9but des audiences sur le fond le 21\u00a0novembre&nbsp;&raquo;<\/span><\/a><\/p>\n","protected":false},"author":1,"featured_media":0,"comment_status":"open","ping_status":"open","sticky":false,"template":"","format":"standard","meta":[],"categories":[16],"tags":[],"_links":{"self":[{"href":"https:\/\/proceskhmersrouges.net\/index.php?rest_route=\/wp\/v2\/posts\/1421"}],"collection":[{"href":"https:\/\/proceskhmersrouges.net\/index.php?rest_route=\/wp\/v2\/posts"}],"about":[{"href":"https:\/\/proceskhmersrouges.net\/index.php?rest_route=\/wp\/v2\/types\/post"}],"author":[{"embeddable":true,"href":"https:\/\/proceskhmersrouges.net\/index.php?rest_route=\/wp\/v2\/users\/1"}],"replies":[{"embeddable":true,"href":"https:\/\/proceskhmersrouges.net\/index.php?rest_route=%2Fwp%2Fv2%2Fcomments&post=1421"}],"version-history":[{"count":5,"href":"https:\/\/proceskhmersrouges.net\/index.php?rest_route=\/wp\/v2\/posts\/1421\/revisions"}],"predecessor-version":[{"id":1426,"href":"https:\/\/proceskhmersrouges.net\/index.php?rest_route=\/wp\/v2\/posts\/1421\/revisions\/1426"}],"wp:attachment":[{"href":"https:\/\/proceskhmersrouges.net\/index.php?rest_route=%2Fwp%2Fv2%2Fmedia&parent=1421"}],"wp:term":[{"taxonomy":"category","embeddable":true,"href":"https:\/\/proceskhmersrouges.net\/index.php?rest_route=%2Fwp%2Fv2%2Fcategories&post=1421"},{"taxonomy":"post_tag","embeddable":true,"href":"https:\/\/proceskhmersrouges.net\/index.php?rest_route=%2Fwp%2Fv2%2Ftags&post=1421"}],"curies":[{"name":"wp","href":"https:\/\/api.w.org\/{rel}","templated":true}]}}