{"id":1446,"date":"2011-10-24T21:00:54","date_gmt":"2011-10-24T14:00:54","guid":{"rendered":"http:\/\/proceskhmersrouges.net\/?p=1446"},"modified":"2011-10-26T11:13:28","modified_gmt":"2011-10-26T04:13:28","slug":"ieng-sary-choisit-le-silence","status":"publish","type":"post","link":"https:\/\/proceskhmersrouges.net\/?p=1446","title":{"rendered":"Ieng Sary choisit le silence"},"content":{"rendered":"<p>Dans une lettre publi\u00e9e par ses avocats le 24 octobre 2011, Ieng Sary annonce qu\u2019il ne s\u2019exprimera pas durant le proc\u00e8s 2. \u00abEn toute connaissance des proc\u00e9dures engag\u00e9es contre moi et de mes droits [&#8230;], j\u2019informe la Chambre de premi\u00e8re instance volontairement, sciemment et sans \u00e9quivoque, que je ne t\u00e9moignerai pas, y compris je ne r\u00e9pondrai \u00e0 aucune question qui me sera pos\u00e9e, pendant tout proc\u00e8s ou mini-proc\u00e8s dans le cas 002.\u00bb Ses avocats seront seuls \u00e0 prendre la parole.<\/p>\n","protected":false},"excerpt":{"rendered":"<p>Dans une lettre publi\u00e9e par ses avocats le 24 octobre 2011, Ieng Sary annonce qu\u2019il ne s\u2019exprimera pas durant le proc\u00e8s 2. \u00abEn toute connaissance des proc\u00e9dures engag\u00e9es contre moi et de mes droits [&#8230;], j\u2019informe la Chambre de premi\u00e8re instance volontairement, sciemment et sans \u00e9quivoque, que je ne t\u00e9moignerai pas, y compris je ne &hellip; <\/p>\n<p class=\"link-more\"><a href=\"https:\/\/proceskhmersrouges.net\/?p=1446\" class=\"more-link\">Continuer la lecture<span class=\"screen-reader-text\"> de &laquo;&nbsp;Ieng Sary choisit le silence&nbsp;&raquo;<\/span><\/a><\/p>\n","protected":false},"author":1,"featured_media":0,"comment_status":"open","ping_status":"open","sticky":false,"template":"","format":"standard","meta":[],"categories":[16],"tags":[],"_links":{"self":[{"href":"https:\/\/proceskhmersrouges.net\/index.php?rest_route=\/wp\/v2\/posts\/1446"}],"collection":[{"href":"https:\/\/proceskhmersrouges.net\/index.php?rest_route=\/wp\/v2\/posts"}],"about":[{"href":"https:\/\/proceskhmersrouges.net\/index.php?rest_route=\/wp\/v2\/types\/post"}],"author":[{"embeddable":true,"href":"https:\/\/proceskhmersrouges.net\/index.php?rest_route=\/wp\/v2\/users\/1"}],"replies":[{"embeddable":true,"href":"https:\/\/proceskhmersrouges.net\/index.php?rest_route=%2Fwp%2Fv2%2Fcomments&post=1446"}],"version-history":[{"count":1,"href":"https:\/\/proceskhmersrouges.net\/index.php?rest_route=\/wp\/v2\/posts\/1446\/revisions"}],"predecessor-version":[{"id":1447,"href":"https:\/\/proceskhmersrouges.net\/index.php?rest_route=\/wp\/v2\/posts\/1446\/revisions\/1447"}],"wp:attachment":[{"href":"https:\/\/proceskhmersrouges.net\/index.php?rest_route=%2Fwp%2Fv2%2Fmedia&parent=1446"}],"wp:term":[{"taxonomy":"category","embeddable":true,"href":"https:\/\/proceskhmersrouges.net\/index.php?rest_route=%2Fwp%2Fv2%2Fcategories&post=1446"},{"taxonomy":"post_tag","embeddable":true,"href":"https:\/\/proceskhmersrouges.net\/index.php?rest_route=%2Fwp%2Fv2%2Ftags&post=1446"}],"curies":[{"name":"wp","href":"https:\/\/api.w.org\/{rel}","templated":true}]}}