{"id":1516,"date":"2011-11-23T17:20:52","date_gmt":"2011-11-23T10:20:52","guid":{"rendered":"http:\/\/proceskhmersrouges.net\/?p=1516"},"modified":"2011-11-23T17:26:18","modified_gmt":"2011-11-23T10:26:18","slug":"ieng-sary-le-silence-de-l%e2%80%99amnistie","status":"publish","type":"post","link":"https:\/\/proceskhmersrouges.net\/?p=1516","title":{"rendered":"Ieng Sary : le silence de l\u2019amnisti\u00e9"},"content":{"rendered":"<p><br class=\"spacer_\" \/><\/p>\n<p><br class=\"spacer_\" \/><\/p>\n<figure id=\"attachment_1517\" aria-describedby=\"caption-attachment-1517\" style=\"width: 400px\" class=\"wp-caption aligncenter\"><a rel=\"attachment wp-att-1517\" href=\"http:\/\/proceskhmersrouges.net\/?attachment_id=1517\"><img loading=\"lazy\" class=\"size-full wp-image-1517\" title=\"Ieng Sary 1\" src=\"http:\/\/proceskhmersrouges.net\/wp-content\/uploads\/2011\/11\/Ieng-Sary-1.jpg\" alt=\"\" width=\"400\" height=\"300\" srcset=\"https:\/\/proceskhmersrouges.net\/wp-content\/uploads\/2011\/11\/Ieng-Sary-1.jpg 400w, https:\/\/proceskhmersrouges.net\/wp-content\/uploads\/2011\/11\/Ieng-Sary-1-150x112.jpg 150w, https:\/\/proceskhmersrouges.net\/wp-content\/uploads\/2011\/11\/Ieng-Sary-1-300x225.jpg 300w\" sizes=\"(max-width: 400px) 100vw, 400px\" \/><\/a><figcaption id=\"caption-attachment-1517\" class=\"wp-caption-text\">Courte d\u00e9claration de Ieng Sary. (Anne-Laure Por\u00e9e)<\/figcaption><\/figure>\n<p><br class=\"spacer_\" \/><\/p>\n<p>Ieng Sary avait pr\u00e9venu fin octobre 2011 qu\u2019il n\u2019avait pas l\u2019intention de s\u2019exprimer durant son proc\u00e8s. N\u00e9anmoins, il avait pr\u00e9par\u00e9 une courte d\u00e9claration pour l\u2019ouverture des audiences au fond. Il aurait souhait\u00e9 que Ang Udom, son avocat cambodgien, la lise \u00e0 sa place mais, devant le refus des juges, il a d\u00fb le faire lui-m\u00eame&#8230;<\/p>\n<p><br class=\"spacer_\" \/><\/p>\n<p><strong>Fermet\u00e9 du pr\u00e9sident de la cour<\/strong><br \/>\n Ang Udom au micro.<br \/>\n Monsieur Ieng Sary voudrait faire une d\u00e9claration mais il m\u2019a demand\u00e9 de lire cette d\u00e9claration en son nom, si vous me le permettez. Cette d\u00e9claration fait \u00e0 peu pr\u00e8s une page et demie, cela ne prendra pas beaucoup de temps.<br \/>\n Le pr\u00e9sident de la cour:<br \/>\n C\u2019est \u00e0 l\u2019accus\u00e9 qu\u2019il revient de prononcer sa d\u00e9claration. Je donne donc instruction aux gardes de s\u00e9curit\u00e9 d\u2019amener Ieng Sary au box des accus\u00e9s. Et je demande \u00e0 la s\u00e9curit\u00e9 d\u2019aider monsieur Ieng Sary \u00e0 prendre place sur le fauteuil roulant. <br \/>\n Pendant que les gardes aident l\u2019accus\u00e9, c\u2019est l\u2019effervescence en salle de presse. Les photographes se positionnent pour prendre la bonne image, les gens se figent devant l\u2019\u00e9cran qui retransmet ce qui se passe \u00e0 la cour.<\/p>\n<p><br class=\"spacer_\" \/><\/p>\n<p><strong>Grosse fatigue<\/strong><br \/>\n \u00abEn 1996, j\u2019ai b\u00e9n\u00e9fici\u00e9 d\u2019une gr\u00e2ce et d\u2019une amnistie royale\u00bb, commence Ieng Sary apr\u00e8s les salutations d\u2019usage aux juges et au public. \u00abLes co-Premier ministres de l\u2019\u00e9poque ont n\u00e9goci\u00e9 cette gr\u00e2ce et cette amnistie, laquelle a \u00e9t\u00e9 approuv\u00e9e par l\u2019Assembl\u00e9e nationale et accord\u00e9e par l\u2019ex-roi Norodom Sihanouk.\u00bb<br \/>\n Ieng Sary s\u2019arr\u00eate et porte la main \u00e0 son c\u0153ur.<\/p>\n<p><br class=\"spacer_\" \/><\/p>\n<figure id=\"attachment_1523\" aria-describedby=\"caption-attachment-1523\" style=\"width: 300px\" class=\"wp-caption alignright\"><a rel=\"attachment wp-att-1523\" href=\"http:\/\/proceskhmersrouges.net\/?attachment_id=1523\"><img loading=\"lazy\" class=\"size-medium wp-image-1523\" title=\"ieng sary 2\" src=\"http:\/\/proceskhmersrouges.net\/wp-content\/uploads\/2011\/11\/ieng-sary-21-300x225.jpg\" alt=\"\" width=\"300\" height=\"225\" srcset=\"https:\/\/proceskhmersrouges.net\/wp-content\/uploads\/2011\/11\/ieng-sary-21-300x225.jpg 300w, https:\/\/proceskhmersrouges.net\/wp-content\/uploads\/2011\/11\/ieng-sary-21-150x112.jpg 150w, https:\/\/proceskhmersrouges.net\/wp-content\/uploads\/2011\/11\/ieng-sary-21.jpg 400w\" sizes=\"(max-width: 300px) 100vw, 300px\" \/><\/a><figcaption id=\"caption-attachment-1523\" class=\"wp-caption-text\">Ieng Sary porte plusieurs fois la main au c\u0153ur pendant sa d\u00e9claration. (Anne-Laure Por\u00e9e)<\/figcaption><\/figure>\n<p><br class=\"spacer_\" \/><\/p>\n<p>\u00abJe suis tr\u00e8s fatigu\u00e9, je ne suis pas s\u00fbr de pouvoir continuer \u00e0 lire ce texte parce que je souffre du c\u0153ur.\u00bb<br \/>\n Dans la salle, sourires d\u00e9sabus\u00e9s, hochements de t\u00eate. Le mot com\u00e9die traverse les esprits. <br \/>\n \u00abPeut-\u00eatre pourriez-vous faire une pause et je pourrai reprendre ensuite\u00bb sugg\u00e8re Ieng Sary.<br \/>\n \u00abCombien de paragraphes avez-vous encore ?\u00bb, s\u2019enquiert le pr\u00e9sident.<br \/>\n L\u2019avocat de Ieng Sary saute sur l\u2019occasion pour demander \u00e0 faire la lecture \u00e0 la place de son client. Le pr\u00e9sident sourit. Et refuse. \u00abNous savons que M. Ieng Sary est vite \u00e0 bout de souffle, nous le laisserons faire des pauses et lire sa d\u00e9claration qui fait une page et demie.\u00bb<\/p>\n<p><br class=\"spacer_\" \/><\/p>\n<p><strong>Dans l\u2019attente de la cour supr\u00eame<\/strong><br \/>\n L\u2019accus\u00e9 reprend sa d\u00e9claration. Pour rappel, Ieng Sary avait fait d\u00e9fection aux Khmers rouges, avec des milliers de partisans en ao\u00fbt 1996 en \u00e9change d\u2019une gr\u00e2ce royale pour sa condamnation par le tribunal r\u00e9volutionnaire de 1979 et il avait b\u00e9n\u00e9fici\u00e9 d\u2019une amnistie royale au regard de la loi du 14 juillet 1994 qui mettait hors-la-loi \u201cla clique du Kampuchea d\u00e9mocratique\u201d. <br \/>\n Devant les juges, Ieng Sary rappelle son d\u00e9saccord avec la chambre de premi\u00e8re instance qui a statu\u00e9 que la gr\u00e2ce et l\u2019amnistie ne s\u2019appliquaient pas aux CETC. Il a fait appel mais la cour supr\u00eame n\u2019a pas encore tranch\u00e9. \u00abJe suis de l\u2019avis que je ne devrai pas participer au proc\u00e8s tant que la chambre de la cour supr\u00eame n\u2019aura pas rendu sa d\u00e9cision sur la gr\u00e2ce et l\u2019amnistie. Toutefois par respect pour la pr\u00e9sente institution, je continuerai de participer comme je l\u2019ai toujours fait depuis que j\u2019ai \u00e9t\u00e9 mis en examen, arr\u00eat\u00e9 et amen\u00e9 au centre de d\u00e9tention des CETC. Fait \u00e0 Phnom Penh, le 21 novembre. Sign\u00e9 Ieng Sary.\u00bb <br \/>\n Rires. Le \u00absign\u00e9 Ieng Sary\u00bb produit son effet comique.<\/p>\n<p><br class=\"spacer_\" \/><\/p>\n<p><strong>La d\u00e9fense attend les faits<\/strong><br \/>\n Apr\u00e8s cette tr\u00e8s courte d\u00e9claration, un garde pousse Ieng Sary dans sa chaise roulante jusqu\u2019au fauteuil qui l\u2019attend derri\u00e8re ses avocats, lesquels ont d\u00e9j\u00e0 annonc\u00e9 la veille qu\u2019ils ne s\u2019exprimeraient pas. Pour eux, les d\u00e9clarations des procureurs n\u2019ont pas valeur de preuve et les arguments avanc\u00e9s depuis lundi ne sont pas \u00e9tay\u00e9s par des faits. Ang Udom indique que son \u00e9quipe ne conna\u00eet pas tous les documents pr\u00e9sent\u00e9s par les procureurs et a d\u00fb leur en demander les r\u00e9f\u00e9rences. Il demande aux juges d\u2019intervenir pour que les procureurs en donnent le d\u00e9tail \u00e0 la d\u00e9fense.<\/p>\n","protected":false},"excerpt":{"rendered":"<p>Apr\u00e8s les d\u00e9clarations liminaires des procureurs, pr\u00e9sent\u00e9es le 21 et le 22 novembre, les accus\u00e9s ont pu r\u00e9pondre aux arguments avanc\u00e9s par l\u2019accusation. A travers leurs interventions se dessinent leurs lignes de d\u00e9fense.<br \/>\nNuon Chea : la faute aux Vietnamiens.<br \/>\nIeng Sary : le silence de l\u2019amnisti\u00e9.<br \/>\nKhieu Samphan : le dignitaire qui ne savait rien.<\/p>\n","protected":false},"author":1,"featured_media":1517,"comment_status":"open","ping_status":"open","sticky":false,"template":"","format":"standard","meta":[],"categories":[17],"tags":[],"_links":{"self":[{"href":"https:\/\/proceskhmersrouges.net\/index.php?rest_route=\/wp\/v2\/posts\/1516"}],"collection":[{"href":"https:\/\/proceskhmersrouges.net\/index.php?rest_route=\/wp\/v2\/posts"}],"about":[{"href":"https:\/\/proceskhmersrouges.net\/index.php?rest_route=\/wp\/v2\/types\/post"}],"author":[{"embeddable":true,"href":"https:\/\/proceskhmersrouges.net\/index.php?rest_route=\/wp\/v2\/users\/1"}],"replies":[{"embeddable":true,"href":"https:\/\/proceskhmersrouges.net\/index.php?rest_route=%2Fwp%2Fv2%2Fcomments&post=1516"}],"version-history":[{"count":8,"href":"https:\/\/proceskhmersrouges.net\/index.php?rest_route=\/wp\/v2\/posts\/1516\/revisions"}],"predecessor-version":[{"id":1527,"href":"https:\/\/proceskhmersrouges.net\/index.php?rest_route=\/wp\/v2\/posts\/1516\/revisions\/1527"}],"wp:featuredmedia":[{"embeddable":true,"href":"https:\/\/proceskhmersrouges.net\/index.php?rest_route=\/wp\/v2\/media\/1517"}],"wp:attachment":[{"href":"https:\/\/proceskhmersrouges.net\/index.php?rest_route=%2Fwp%2Fv2%2Fmedia&parent=1516"}],"wp:term":[{"taxonomy":"category","embeddable":true,"href":"https:\/\/proceskhmersrouges.net\/index.php?rest_route=%2Fwp%2Fv2%2Fcategories&post=1516"},{"taxonomy":"post_tag","embeddable":true,"href":"https:\/\/proceskhmersrouges.net\/index.php?rest_route=%2Fwp%2Fv2%2Ftags&post=1516"}],"curies":[{"name":"wp","href":"https:\/\/api.w.org\/{rel}","templated":true}]}}