{"id":1569,"date":"2011-11-29T17:55:57","date_gmt":"2011-11-29T10:55:57","guid":{"rendered":"http:\/\/proceskhmersrouges.net\/?p=1569"},"modified":"2011-11-29T18:00:19","modified_gmt":"2011-11-29T11:00:19","slug":"%c2%abieng-sary-dit-qu%e2%80%99il-ne-va-pas-parler-seul-khieu-samphan-dit-qu%e2%80%99il-va-parler-moi-je-dis-que-ceux-qui-savent-ne-parlent-pas-et-ceux-qui-parlent-vont-dire-qu%e2%80%99ils-ne-savent","status":"publish","type":"post","link":"https:\/\/proceskhmersrouges.net\/?p=1569","title":{"rendered":"\u00abIeng Sary dit qu\u2019il ne va pas parler. Seul Khieu Samphan dit qu\u2019il va parler. Moi je dis que ceux qui savent ne parlent pas et ceux qui parlent vont dire qu\u2019ils ne savent pas. Donc je n\u2019attends pas grand chose de ce proc\u00e8s.\u00bb"},"content":{"rendered":"","protected":false},"excerpt":{"rendered":"<p>Chum Sirath, partie civile.<br \/>\nC&rsquo;est dans ces termes que Chum Sirath, d\u00e9j\u00e0 partie civile au proc\u00e8s de Duch, \u00e9voque sa d\u00e9sillusion le 20 novembre, lors de la c\u00e9r\u00e9monie organis\u00e9e \u00e0 Ch\u0153ung Ek la veille de l&rsquo;ouverture des audiences au fond du proc\u00e8s 2.<\/p>\n","protected":false},"author":1,"featured_media":0,"comment_status":"open","ping_status":"open","sticky":false,"template":"","format":"standard","meta":[],"categories":[6],"tags":[],"_links":{"self":[{"href":"https:\/\/proceskhmersrouges.net\/index.php?rest_route=\/wp\/v2\/posts\/1569"}],"collection":[{"href":"https:\/\/proceskhmersrouges.net\/index.php?rest_route=\/wp\/v2\/posts"}],"about":[{"href":"https:\/\/proceskhmersrouges.net\/index.php?rest_route=\/wp\/v2\/types\/post"}],"author":[{"embeddable":true,"href":"https:\/\/proceskhmersrouges.net\/index.php?rest_route=\/wp\/v2\/users\/1"}],"replies":[{"embeddable":true,"href":"https:\/\/proceskhmersrouges.net\/index.php?rest_route=%2Fwp%2Fv2%2Fcomments&post=1569"}],"version-history":[{"count":5,"href":"https:\/\/proceskhmersrouges.net\/index.php?rest_route=\/wp\/v2\/posts\/1569\/revisions"}],"predecessor-version":[{"id":1575,"href":"https:\/\/proceskhmersrouges.net\/index.php?rest_route=\/wp\/v2\/posts\/1569\/revisions\/1575"}],"wp:attachment":[{"href":"https:\/\/proceskhmersrouges.net\/index.php?rest_route=%2Fwp%2Fv2%2Fmedia&parent=1569"}],"wp:term":[{"taxonomy":"category","embeddable":true,"href":"https:\/\/proceskhmersrouges.net\/index.php?rest_route=%2Fwp%2Fv2%2Fcategories&post=1569"},{"taxonomy":"post_tag","embeddable":true,"href":"https:\/\/proceskhmersrouges.net\/index.php?rest_route=%2Fwp%2Fv2%2Ftags&post=1569"}],"curies":[{"name":"wp","href":"https:\/\/api.w.org\/{rel}","templated":true}]}}