{"id":1576,"date":"2011-12-05T20:38:19","date_gmt":"2011-12-05T13:38:19","guid":{"rendered":"http:\/\/proceskhmersrouges.net\/?p=1576"},"modified":"2011-12-05T20:56:15","modified_gmt":"2011-12-05T13:56:15","slug":"d%e2%80%99ou-vient-le-pck","status":"publish","type":"post","link":"https:\/\/proceskhmersrouges.net\/?p=1576","title":{"rendered":"D\u2019o\u00f9 vient le PCK ?"},"content":{"rendered":"<figure id=\"attachment_1594\" aria-describedby=\"caption-attachment-1594\" style=\"width: 400px\" class=\"wp-caption aligncenter\"><a rel=\"attachment wp-att-1594\" href=\"http:\/\/proceskhmersrouges.net\/?attachment_id=1594\"><img loading=\"lazy\" class=\"size-full wp-image-1594\" title=\"arch-recolte-riz-2-09-07-09\" src=\"http:\/\/proceskhmersrouges.net\/wp-content\/uploads\/2011\/12\/arch-recolte-riz-2-09-07-09.jpg\" alt=\"\" width=\"400\" height=\"303\" srcset=\"https:\/\/proceskhmersrouges.net\/wp-content\/uploads\/2011\/12\/arch-recolte-riz-2-09-07-09.jpg 400w, https:\/\/proceskhmersrouges.net\/wp-content\/uploads\/2011\/12\/arch-recolte-riz-2-09-07-09-150x113.jpg 150w, https:\/\/proceskhmersrouges.net\/wp-content\/uploads\/2011\/12\/arch-recolte-riz-2-09-07-09-300x227.jpg 300w\" sizes=\"(max-width: 400px) 100vw, 400px\" \/><\/a><figcaption id=\"caption-attachment-1594\" class=\"wp-caption-text\">La collectivisation de l&#39;agriculture, une mesure planifi\u00e9e d\u00e8s 1972. (Direction du cin\u00e9ma du Cambodge)<\/figcaption><\/figure>\n<p>Le travail du tribunal a d\u00e9but\u00e9 par la lecture des passages de l\u2019ordonnance de cl\u00f4ture consacr\u00e9s au contexte historique, \u00e0 savoir les dates cl\u00e9s qui permettent de reconstituer l\u2019histoire du parti communiste du Kampuchea (PCK) dont l\u2019existence officielle n\u2019est reconnue qu\u2019en septembre 1977. Voici les dates \u00e9voqu\u00e9es dans le texte des juges d\u2019instruction.<\/p>\n<p><br class=\"spacer_\" \/><\/p>\n<p><strong>Naissance du communisme au Cambodge<\/strong><br \/>\n <strong>1930 :<\/strong> cr\u00e9ation du parti communiste indochinois (PCI) qui <br \/>\n <strong>1951 :<\/strong> le PCI est dissous. Le Laos, le Cambodge et le Vietnam constituent leur propre parti. Au Cambodge c\u2019est le parti r\u00e9volutionnaire du peuple khmer (PRPK).<br \/>\n <strong>1953 :<\/strong> ind\u00e9pendance du Cambodge.<br \/>\n <strong>1954 :<\/strong> conf\u00e9rence de Gen\u00e8ve. <br \/>\n <strong>1960 :<\/strong> le PRPK devient parti des travailleurs du Kampuchea (PTK) au congr\u00e8s du 30\u00a0septembre. Nuon Chea est secr\u00e9taire adjoint du parti. <br \/>\n <strong>1962 :<\/strong> le secr\u00e9taire du parti Tou Samouth est assassin\u00e9.<\/p>\n<p><br class=\"spacer_\" \/><\/p>\n<p><strong>Pol Pot et Nuon Chea aux manettes<\/strong><br \/>\n <strong>1963 :<\/strong> Pol Pot devient secr\u00e9taire g\u00e9n\u00e9ral du parti. Nuon Chea reste secr\u00e9taire adjoint, il prend en charge les op\u00e9rations du PTK \u00e0 Phnom Penh et dans la plupart des zones pendant que les autres membres importants ont rejoint le maquis pour \u00e9chapper \u00e0 la traque polici\u00e8re. <br \/>\n <strong>1965 :<\/strong> r\u00e9solution du parti sur le recours n\u00e9cessaire \u00e0 la violence r\u00e9volutionnaire.<br \/>\n <strong>1966 :<\/strong> le PTK change encore de nom pour devenir le parti communiste du Kampuchea (PCK). Ce changement de nom reste secret jusqu\u2019en 1971. Le Ratanakiri devient la base du PCK.<br \/>\n <strong>1967 :<\/strong> pr\u00e9paration du soul\u00e8vement arm\u00e9.<\/p>\n<p><br class=\"spacer_\" \/><\/p>\n<p><strong>Les d\u00e9buts de la lutte arm\u00e9e<\/strong><br \/>\n <strong>1968:<\/strong> Attaque du poste de Bay Ram le 17 janvier, le PCK date de cette attaque la naissance de l\u2019arm\u00e9e r\u00e9volutionnaire du Kampuchea (ARK). <br \/>\n <strong>1970 :<\/strong> coup d\u2019Etat de Lon Nol et Sirik Matak le 18 mars. Sihanouk et le PCK s\u2019allient et forment un gouvernement en exil (appel\u00e9 le Grunk) proclam\u00e9 le 5 mai. Les dirigeants du PCK quittent le Ratanakiri. Khieu Samphan est vice-Premier ministre et ministre de la D\u00e9fense. Ieng Thirith est ministre de la Culture, de l\u2019Education et de la Jeunesse. En d\u00e9cembre, Ieng Sary organise \u00e0 Hano\u00ef la radio du Front national uni du Kampuchea qui est plac\u00e9e sous l\u2019autorit\u00e9 de sa femme Ieng Thirith.<\/p>\n<p><br class=\"spacer_\" \/><\/p>\n<p><strong>Collectivisation de l\u2019agriculture et d\u00e9portations des citadins<\/strong><br \/>\n <strong>1972 :<\/strong> en mai, la planification de la collectivisation de l\u2019agriculture est approuv\u00e9e et consigne est donn\u00e9e pour intensifier la lutte contre \u00ables classes oppressives\u00bb. <br \/>\n <strong>1973 :<\/strong> la collectivisation de l\u2019agriculture est mise en \u0153uvre dans les zones contr\u00f4l\u00e9es par les Khmers rouges. <br \/>\n <strong>1974 :<\/strong> attaque de Oudong le 3 mars par les Khmers rouges.<br \/>\n <strong>1975 :<\/strong> assaut en janvier contre Phnom Penh. 1er avril : chute de Neak L\u0153ung. 17 avril : entr\u00e9e des troupes khm\u00e8res rouges dans la capitale.<\/p>\n","protected":false},"excerpt":{"rendered":"<p>L\u2019audience de ce lundi 5 d\u00e9cembre 2011 \u00e9tait consacr\u00e9e au contexte historique qui a pr\u00e9c\u00e9d\u00e9 la prise de Phnom Penh par les Khmers rouges. Nuon Chea, ex-bras droit de Pol Pot, a ax\u00e9 sa d\u00e9claration du jour sur la th\u00e9matique de son entr\u00e9e dans la r\u00e9sistance contre l\u2019occupation coloniale puis contre les app\u00e9tits vietnamiens. Les questions des juges ont commenc\u00e9 et se poursuivront demain. <\/p>\n","protected":false},"author":1,"featured_media":1594,"comment_status":"open","ping_status":"open","sticky":false,"template":"","format":"standard","meta":[],"categories":[17],"tags":[],"_links":{"self":[{"href":"https:\/\/proceskhmersrouges.net\/index.php?rest_route=\/wp\/v2\/posts\/1576"}],"collection":[{"href":"https:\/\/proceskhmersrouges.net\/index.php?rest_route=\/wp\/v2\/posts"}],"about":[{"href":"https:\/\/proceskhmersrouges.net\/index.php?rest_route=\/wp\/v2\/types\/post"}],"author":[{"embeddable":true,"href":"https:\/\/proceskhmersrouges.net\/index.php?rest_route=\/wp\/v2\/users\/1"}],"replies":[{"embeddable":true,"href":"https:\/\/proceskhmersrouges.net\/index.php?rest_route=%2Fwp%2Fv2%2Fcomments&post=1576"}],"version-history":[{"count":6,"href":"https:\/\/proceskhmersrouges.net\/index.php?rest_route=\/wp\/v2\/posts\/1576\/revisions"}],"predecessor-version":[{"id":1596,"href":"https:\/\/proceskhmersrouges.net\/index.php?rest_route=\/wp\/v2\/posts\/1576\/revisions\/1596"}],"wp:featuredmedia":[{"embeddable":true,"href":"https:\/\/proceskhmersrouges.net\/index.php?rest_route=\/wp\/v2\/media\/1594"}],"wp:attachment":[{"href":"https:\/\/proceskhmersrouges.net\/index.php?rest_route=%2Fwp%2Fv2%2Fmedia&parent=1576"}],"wp:term":[{"taxonomy":"category","embeddable":true,"href":"https:\/\/proceskhmersrouges.net\/index.php?rest_route=%2Fwp%2Fv2%2Fcategories&post=1576"},{"taxonomy":"post_tag","embeddable":true,"href":"https:\/\/proceskhmersrouges.net\/index.php?rest_route=%2Fwp%2Fv2%2Ftags&post=1576"}],"curies":[{"name":"wp","href":"https:\/\/api.w.org\/{rel}","templated":true}]}}