{"id":1620,"date":"2011-12-07T17:25:36","date_gmt":"2011-12-07T10:25:36","guid":{"rendered":"http:\/\/proceskhmersrouges.net\/?p=1620"},"modified":"2011-12-07T18:03:56","modified_gmt":"2011-12-07T11:03:56","slug":"cetc-demandez-le-programme","status":"publish","type":"post","link":"https:\/\/proceskhmersrouges.net\/?p=1620","title":{"rendered":"CETC, demandez le programme !"},"content":{"rendered":"<p>La confusion r\u00e9gnait d\u00e9j\u00e0 le 6 d\u00e9cembre sur l\u2019agenda de la cour, elle s\u2019est prolong\u00e9e ce mercredi 7 d\u00e9cembre. Klan Fit, partie civile venue du Ratanakiri, n\u2019\u00e9tait pas en forme ce matin. Il n\u2019a donc pas fini de r\u00e9pondre aux questions. Les juges sont pass\u00e9s \u00e0 Romam Yun, autre partie civile venue du Ratanakiri. Mais apr\u00e8s les questions du co-avocat principal des parties civiles et des co-procureurs, il \u00e9tait d\u00e9j\u00e0 midi, l\u2019heure sacr\u00e9e de la pause d\u00e9jeuner. \u00abAhhhhh!\u00bb soupire alors le pr\u00e9sident Nil Nonn en regardant sa montre. \u00abLe temps file et il reste encore beaucoup de choses \u00e0 faire. Le d\u00e9roulement de la proc\u00e9dure diff\u00e8re un peu de ce que la chambre avait envisag\u00e9&#8230;\u00bb<br \/>\nEmp\u00eatr\u00e9 dans l\u2019agenda ? Non&#8230; Le pr\u00e9sident d\u00e9cide, \u00e7a sauve les apparences. La d\u00e9fense n\u2019a pas encore pos\u00e9 ses questions mais le pr\u00e9sident invite Romam Yun \u00e0 revenir plus tard. Quand ? Aucune pr\u00e9cision n\u2019est donn\u00e9e. Klan Fit devra revenir lui aussi. La d\u00e9fense ne l\u2019a pas non plus interrog\u00e9. La priorit\u00e9 du jour est donn\u00e9e \u00e0 l\u2019audition de Long Narin, qui a un \u00e9tat de sant\u00e9 fragile et qui doit \u00eatre entendu en visio conf\u00e9rence.<br \/>\nEn cas de probl\u00e8me, \u00abquel est le plan B?\u00bb, demande l\u2019avocat de Nuon Chea, Andy Ianuzzy. Pas de plan\u00a0B, tranche la juge Silvia Cartwright. \u00abIl faut faire preuve de souplesse.\u00bb<br \/>\nLa seule chose claire pendant ces deux jours c\u2019est que l\u2019accusation et les avocats des parties civiles cherchent \u00e0 d\u00e9montrer, par leurs questions, que la politique des Khmers rouges \u00e9tait en application dans les zones sous leur contr\u00f4le avant 1975.  <\/p>\n","protected":false},"excerpt":{"rendered":"<p>La confusion r\u00e9gnait d\u00e9j\u00e0 le 6 d\u00e9cembre sur l\u2019agenda de la cour, elle s\u2019est prolong\u00e9e ce mercredi 7 d\u00e9cembre. Klan Fit, partie civile venue du Ratanakiri, n\u2019\u00e9tait pas en forme ce matin. Il n\u2019a donc pas fini de r\u00e9pondre aux questions. Les juges sont pass\u00e9s \u00e0 Romam Yun, autre partie civile venue du Ratanakiri. Mais &hellip; <\/p>\n<p class=\"link-more\"><a href=\"https:\/\/proceskhmersrouges.net\/?p=1620\" class=\"more-link\">Continuer la lecture<span class=\"screen-reader-text\"> de &laquo;&nbsp;CETC, demandez le programme !&nbsp;&raquo;<\/span><\/a><\/p>\n","protected":false},"author":1,"featured_media":0,"comment_status":"open","ping_status":"open","sticky":false,"template":"","format":"standard","meta":[],"categories":[16],"tags":[],"_links":{"self":[{"href":"https:\/\/proceskhmersrouges.net\/index.php?rest_route=\/wp\/v2\/posts\/1620"}],"collection":[{"href":"https:\/\/proceskhmersrouges.net\/index.php?rest_route=\/wp\/v2\/posts"}],"about":[{"href":"https:\/\/proceskhmersrouges.net\/index.php?rest_route=\/wp\/v2\/types\/post"}],"author":[{"embeddable":true,"href":"https:\/\/proceskhmersrouges.net\/index.php?rest_route=\/wp\/v2\/users\/1"}],"replies":[{"embeddable":true,"href":"https:\/\/proceskhmersrouges.net\/index.php?rest_route=%2Fwp%2Fv2%2Fcomments&post=1620"}],"version-history":[{"count":3,"href":"https:\/\/proceskhmersrouges.net\/index.php?rest_route=\/wp\/v2\/posts\/1620\/revisions"}],"predecessor-version":[{"id":1625,"href":"https:\/\/proceskhmersrouges.net\/index.php?rest_route=\/wp\/v2\/posts\/1620\/revisions\/1625"}],"wp:attachment":[{"href":"https:\/\/proceskhmersrouges.net\/index.php?rest_route=%2Fwp%2Fv2%2Fmedia&parent=1620"}],"wp:term":[{"taxonomy":"category","embeddable":true,"href":"https:\/\/proceskhmersrouges.net\/index.php?rest_route=%2Fwp%2Fv2%2Fcategories&post=1620"},{"taxonomy":"post_tag","embeddable":true,"href":"https:\/\/proceskhmersrouges.net\/index.php?rest_route=%2Fwp%2Fv2%2Ftags&post=1620"}],"curies":[{"name":"wp","href":"https:\/\/api.w.org\/{rel}","templated":true}]}}