{"id":165,"date":"2009-04-03T22:10:35","date_gmt":"2009-04-03T15:10:35","guid":{"rendered":"http:\/\/proceskhmersrouges.net\/?p=165"},"modified":"2009-05-11T08:30:20","modified_gmt":"2009-05-11T01:30:20","slug":"paroles-de-lyceens","status":"publish","type":"post","link":"https:\/\/proceskhmersrouges.net\/?p=165","title":{"rendered":"R\u00e9actions de lyc\u00e9ens \u00e0 la deuxi\u00e8me journ\u00e9e de proc\u00e8s"},"content":{"rendered":"<figure id=\"attachment_166\" aria-describedby=\"caption-attachment-166\" style=\"width: 350px\" class=\"wp-caption aligncenter\"><img loading=\"lazy\" class=\"size-full wp-image-166\" title=\"lyceens\" src=\"http:\/\/proceskhmersrouges.net\/wp-content\/uploads\/2009\/04\/lyceens.jpg\" alt=\"Des lyc\u00e9ens attentifs \u00e0 la d\u00e9claration de Duch. (Anne-Laure Por\u00e9e)\" width=\"350\" height=\"227\" srcset=\"https:\/\/proceskhmersrouges.net\/wp-content\/uploads\/2009\/04\/lyceens.jpg 350w, https:\/\/proceskhmersrouges.net\/wp-content\/uploads\/2009\/04\/lyceens-300x194.jpg 300w\" sizes=\"(max-width: 350px) 100vw, 350px\" \/><figcaption id=\"caption-attachment-166\" class=\"wp-caption-text\">Des lyc\u00e9ens attentifs \u00e0 la d\u00e9claration de Duch. (Anne-Laure Por\u00e9e)<\/figcaption><\/figure>\n<p>Gr\u00e2ce au travail p\u00e9dagogique organis\u00e9 par le lyc\u00e9e autour du tribunal charg\u00e9 de juger les anciens dirigeants khmers rouges, ces \u00e9l\u00e8ves sont nettement plus inform\u00e9s sur\u00a0l&rsquo;histoire de ce r\u00e9gime\u00a0que les Cambodgiens des \u00e9coles publiques du pays. Ils le savent. Dans leur famille, il n&rsquo;est pas toujours simple d&rsquo;aborder cette p\u00e9riode qui rappelle de trop douloureux souvenirs. Mais ils bataillent pour en savoir plus, pour comprendre. A l&rsquo;issue de la projection des d\u00e9clarations de Duch et ses d\u00e9fenseurs, ils ont accept\u00e9 de partager leurs r\u00e9flexions sur ce qu&rsquo;ils venaient d&rsquo;entendre et de voir.<\/p>\n<p><br class=\"spacer_\" \/><\/p>\n<p>A\u00a0: Duch s&rsquo;excuse en lisant son texte, sans expression. Et je me rappelle le t\u00e9moignage de Chum Mey [rescap\u00e9 de S21] qui racontait l&rsquo;ex\u00e9cution de son b\u00e9b\u00e9 de deux mois. Est-ce que le Khmer rouge [Duch] a donn\u00e9 l&rsquo;ordre\u00a0? N&rsquo;a-t-il pas \u00e9crit de sa main \u00ab\u00a0Tuez-les tous\u00a0?\u00a0\u00bb Ce n&rsquo;est pas parce qu&rsquo;il a tu\u00e9 moins que d&rsquo;autres qu&rsquo;il faut le lib\u00e9rer. Si il y a une justice, il faut chercher les autres dirigeants et les poursuivre. Dire qu&rsquo;il vaut mieux n&rsquo;en poursuivre aucun s&rsquo;ils ne sont pas tous jug\u00e9s, n&rsquo;a aucun sens.<\/p>\n<p>Pour moi Duch assume, c&rsquo;est tout. Il a demand\u00e9 pardon. Est-ce qu&rsquo;on peut le pardonner\u00a0? Non ce n&rsquo;est pas possible pour l&rsquo;instant.<\/p>\n<p><br class=\"spacer_\" \/><\/p>\n<p>B\u00a0: J&rsquo;avais pos\u00e9 deux questions \u00e0 Kar Savuth\u00a0: pourquoi il d\u00e9fend Duch et pourquoi Duch n&rsquo;est pas un des plus hauts dirigeants ?\u00a0Que ce soit en conf\u00e9rence au lyc\u00e9e, en visite \u00e0 S21 ou au tribunal, j&rsquo;ai entendu le m\u00eame discours \u00e0 savoir qu&rsquo;il y avait 196 autres prisons et donc 196 autres directeurs de prison. J&rsquo;attendais d&rsquo;autres arguments de sa part. Comme l&rsquo;ont dit les procureurs, S21 c&rsquo;\u00e9tait le sommet de toutes les \u00e9tapes.<\/p>\n<p>Concernant Duch, est-ce qu&rsquo;on peut appeler \u00e7a du courage\u00a0? Pourquoi il n&rsquo;est pas venu s&rsquo;excuser plus t\u00f4t\u00a0? Pourquoi trente ans apr\u00e8s\u00a0? Je sais qu&rsquo;il reconna\u00eet mais j&rsquo;ignore s&rsquo;il pense ce qu&rsquo;il dit. D&rsquo;accord il y a eu des larmes \u00e9chang\u00e9es pendant la reconstitution judiciaire \u00e0 S21 mais ces larmes ne valent pas celles des morts. D&rsquo;accord il a re\u00e7u des ordres mais il \u00e9tait le dirigeant de S21. Les autres, eux, dirigeaient tout le pays.<\/p>\n<p><br class=\"spacer_\" \/><\/p>\n<p>A\u00a0: Comme l&rsquo;a dit le procureur, Duch est rest\u00e9 avec les Khmers rouges. Pourquoi ne s&rsquo;est-il pas excus\u00e9\u00a0plus t\u00f4t\u00a0?<\/p>\n<p><br class=\"spacer_\" \/><\/p>\n<p>B\u00a0: Je ne crois pas qu&rsquo;on puisse le laisser en libert\u00e9 apr\u00e8s ce qu&rsquo;il a fait. Il essaye de montrer qu&rsquo;il veut se faire pardonner. Mais depuis la chute du r\u00e9gime, il n&rsquo;est pas venu par lui-m\u00eame, il a attendu d&rsquo;\u00eatre arr\u00eat\u00e9 pour s&rsquo;excuser. S&rsquo;il assume ses crimes, s&rsquo;il reconna\u00eet honn\u00eatement sa responsabilit\u00e9, alors il doit accepter d&rsquo;\u00eatre condamn\u00e9. Personne ne va torturer ces anciens dirigeants khmers rouges. Vann Nath par exemple ne cherche pas la vengeance, il veut que quelqu&rsquo;un explique.<\/p>\n<p><br class=\"spacer_\" \/><\/p>\n<p>C\u00a0: Moi je suis touch\u00e9 par ce que dit Duch. Je lui dis merci de s&rsquo;\u00eatre excus\u00e9. Ce qu&rsquo;il dit est peut-\u00eatre sinc\u00e8re, mais je n&rsquo;ai pas vraiment entendu qu&rsquo;il voulait \u00eatre jug\u00e9. J&rsquo;ai entendu qu&rsquo;il voulait \u00eatre pardonn\u00e9. Apr\u00e8s trente ans, je pense que c&rsquo;est un peu tard. S&rsquo;il n&rsquo;y avait pas eu la mise en place des Chambres extraordinaires au sein des tribunaux cambodgiens (CETC), on n&rsquo;aurait pas entendu ses excuses, on n&rsquo;aurait m\u00eame pas entendu parler de sa mort. Il aurait continu\u00e9 \u00e0 se cacher. Devant le tribunal, il ne va \u00e9videmment pas dire\u00a0: \u00ab\u00a0je n&rsquo;ai rien fait\u00a0\u00bb. Il y a des preuves. Ce ne sont pas des larmes qui vont changer tout. Ce n&rsquo;est pas un petit dessin [r\u00e9alis\u00e9 par Duch et pr\u00e9sent\u00e9 au tribunal] qui va changer tout.<\/p>\n<p>Quant \u00e0 l&rsquo;avocat cambodgien, il a r\u00e9p\u00e9t\u00e9 au moins sept fois pendant son intervention qu&rsquo;il y avait 196 prisons et 196 autres chefs \u00e0 juger. Son argument c&rsquo;est \u00ab\u00a0tout ou rien\u00a0\u00bb. Bien s\u00fbr que ce n&rsquo;est rien 1 sur 196. Mais les statistiques ce sont juste des chiffres. On me parle de 12\u00a0380\u00a0morts \u00e0 S21. Moi je suis n\u00e9 vingt ans apr\u00e8s le r\u00e9gime, je ne suis pas oblig\u00e9 de croire ce chiffre. Duch a reconnu qu&rsquo;il avait donn\u00e9 des ordres donc c&rsquo;est un dirigeant. Il emploie lui-m\u00eame le mot diriger, donc c&rsquo;est un dirigeant. Il a lui-m\u00eame donn\u00e9 des cours de torture. Il a \u00e9crit \u00ab\u00a0Tuez les tous\u00a0\u00bb.<\/p>\n<p>Pour ce qui est de Fran\u00e7ois Roux, il ne peut pas vraiment contredire son co-\u00e9quipier en disant \u00ab\u00a0non, il faut juger Duch\u00a0\u00bb. Il est oblig\u00e9 de suivre le cheminement de son coll\u00e8gue. Mais j&rsquo;entends et j&rsquo;esp\u00e8re comprendre qu&rsquo;il instille des id\u00e9es pour dire qu&rsquo;il faut en effet le juger. J&rsquo;esp\u00e8re que les juges et le pr\u00e9sident de la chambre comprennent qu&rsquo;il faut rendre justice aux victimes et au peuple cambodgien.<\/p>\n<p><br class=\"spacer_\" \/><\/p>\n<p>D\u00a0: Humaniser Duch sur la base du fait qu&rsquo;il se soit exprim\u00e9 me laisse sceptique. Je suis d&rsquo;accord avec Kar Savuth\u00a0: si S21 est au 10<sup>e<\/sup> rang des centres de d\u00e9tention pourquoi ne pas juger les autres\u00a0? S&rsquo;il y a eu dix fois plus de victimes ailleurs, on ne peut passer \u00e7a sous silence parce qu&rsquo;il n&rsquo;y a pas eu de reportage sur ce lieu ou parce qu&rsquo;on n&rsquo;en a pas fait un mus\u00e9e. Je trouve que c&rsquo;est un argument \u00e0 prendre en compte et qu&rsquo;il est le plus int\u00e9ressant dans la d\u00e9fense de Duch. C&rsquo;est \u00e7a la justice. Ce n&rsquo;est pas se concentrer seulement sur S21.<\/p>\n<p>On devrait aussi prendre du recul sur les excuses de Duch.<\/p>\n<p><br class=\"spacer_\" \/><\/p>\n<p>E\u00a0: J&rsquo;ai l&rsquo;impression que ce proc\u00e8s est l\u00e0 juste pour dire \u00ab\u00a0On a fait ce proc\u00e8s\u00a0\u00bb. Une sorte de proc\u00e8s-spectacle. Ma grand-m\u00e8re dit toujours\u00a0: \u00ab\u00a0C&rsquo;est bien beau d&rsquo;entendre tout \u00e7a mais qu&rsquo;est-ce que \u00e7a va changer\u00a0?\u00a0\u00bb Tout le monde sait que plein de coupables ne seront jamais jug\u00e9s.<\/p>\n<p><br class=\"spacer_\" \/><\/p>\n<p>F\u00a0: Le proc\u00e8s arrive trop t\u00f4t dans l&rsquo;histoire. Les victimes ont encore de la ranc\u0153ur contre l&rsquo;accus\u00e9, ce qui est totalement compr\u00e9hensible. Elles ont tant de ranc\u0153ur qu&rsquo;elles n&rsquo;ont pas de recul. Elles ont du mal \u00e0 accepter que peut-\u00eatre Duch est sinc\u00e8re.<\/p>\n<p><br class=\"spacer_\" \/><\/p>\n<p>G\u00a0: Faut se mettre aussi dans la peau de Duch. Torturer ou mourir\u00a0: quel choix faire\u00a0? Une bonne partie des gens auraient tu\u00e9 pour \u00e9viter la mort. Le temps a pass\u00e9, les Khmers rouges se sont effondr\u00e9s. Il sait qu&rsquo;il ne va pas \u00eatre trait\u00e9 en h\u00e9ros au tribunal. Mes amis disent qu&rsquo;il n&rsquo;est pas venu s&rsquo;excuser plus t\u00f4t\u00a0mais qui l&rsquo;aurait fait\u00a0? Pourquoi se serait-il manifest\u00e9 plus t\u00f4t\u00a0? Il s&rsquo;excuse au tribunal parce que c&rsquo;est le seul moment o\u00f9 il peut le faire. Il ne s&rsquo;excuse pas tellement pour dire\u00a0: \u00ab\u00a0sortez-moi de prison\u00a0\u00bb, mais pour lui. Il ne veut pas \u00eatre consid\u00e9r\u00e9 \u00e0 tout jamais comme un \u00eatre diabolique.<\/p>\n<p><br class=\"spacer_\" \/><\/p>\n<p>H\u00a0: La majorit\u00e9 des personnes ex\u00e9cut\u00e9es \u00e0 S21 \u00e9taient des Khmers rouges. S21 servait l&rsquo;\u00e9puration au sein du mouvement. C&rsquo;est ce qui peut avoir pouss\u00e9 Duch \u00e0\u00a0avoir autant de\u00a0z\u00e8le. Cela n&rsquo;excuse en rien ce qu&rsquo;il a fait.<\/p>\n<p><br class=\"spacer_\" \/><\/p>\n<p>I\u00a0: Ce proc\u00e8s c&rsquo;est une bonne chose pour le devoir de m\u00e9moire, pour l&rsquo;histoire et pour la jeunesse cambodgienne. Ca va aider \u00e0 comprendre. Beaucoup de jeunes Cambodgiens ne savent pas qui \u00e9taient les Khmers rouges. Ils disent que ce sont des histoires de vieux. Or maintenant c&rsquo;est dans les archives. Les gens savent que ce r\u00e9gime a exist\u00e9.<\/p>\n<p>On ignore si la demande de pardon de Duch est sinc\u00e8re mais c&rsquo;est une chance de l&rsquo;avoir entendue. Aucun dirigeant n&rsquo;a fait cette d\u00e9marche. M\u00eame si un de ses avocats minimise le nombre de morts par rapport \u00e0 d&rsquo;autres prisons khm\u00e8res rouges, il y a bien eu plus de 12\u00a0000 morts.<\/p>\n<p><br class=\"spacer_\" \/><\/p>\n<p>J\u00a0: Il est tr\u00e8s important de ne pas r\u00e9agir \u00e9motionnellement. La pire des peines qui existe au Cambodge c&rsquo;est la perp\u00e9tuit\u00e9. Il va de soi que Duch m\u00e9rite cette peine. On se doute du verdict. Le r\u00f4le du tribunal c&rsquo;est de le mettre en prison pour le restant de sa vie. A mon avis la D\u00e9fense de Duch n&rsquo;est pas l\u00e0 pour r\u00e9duire sa peine, mais pour lui donner la parole.<\/p>\n","protected":false},"excerpt":{"rendered":"<p>Vendredi 3 avril, les \u00e9l\u00e8ves de premi\u00e8re et terminale du lyc\u00e9e fran\u00e7ais de Phnom Penh qui l\u2019avaient souhait\u00e9 visionnaient les d\u00e9clarations de Duch et de ses deux avocats, Kar Savuth et Fran\u00e7ois Roux.<\/p>\n","protected":false},"author":1,"featured_media":166,"comment_status":"open","ping_status":"open","sticky":false,"template":"","format":"standard","meta":[],"categories":[4],"tags":[],"_links":{"self":[{"href":"https:\/\/proceskhmersrouges.net\/index.php?rest_route=\/wp\/v2\/posts\/165"}],"collection":[{"href":"https:\/\/proceskhmersrouges.net\/index.php?rest_route=\/wp\/v2\/posts"}],"about":[{"href":"https:\/\/proceskhmersrouges.net\/index.php?rest_route=\/wp\/v2\/types\/post"}],"author":[{"embeddable":true,"href":"https:\/\/proceskhmersrouges.net\/index.php?rest_route=\/wp\/v2\/users\/1"}],"replies":[{"embeddable":true,"href":"https:\/\/proceskhmersrouges.net\/index.php?rest_route=%2Fwp%2Fv2%2Fcomments&post=165"}],"version-history":[{"count":7,"href":"https:\/\/proceskhmersrouges.net\/index.php?rest_route=\/wp\/v2\/posts\/165\/revisions"}],"predecessor-version":[{"id":238,"href":"https:\/\/proceskhmersrouges.net\/index.php?rest_route=\/wp\/v2\/posts\/165\/revisions\/238"}],"wp:featuredmedia":[{"embeddable":true,"href":"https:\/\/proceskhmersrouges.net\/index.php?rest_route=\/wp\/v2\/media\/166"}],"wp:attachment":[{"href":"https:\/\/proceskhmersrouges.net\/index.php?rest_route=%2Fwp%2Fv2%2Fmedia&parent=165"}],"wp:term":[{"taxonomy":"category","embeddable":true,"href":"https:\/\/proceskhmersrouges.net\/index.php?rest_route=%2Fwp%2Fv2%2Fcategories&post=165"},{"taxonomy":"post_tag","embeddable":true,"href":"https:\/\/proceskhmersrouges.net\/index.php?rest_route=%2Fwp%2Fv2%2Ftags&post=165"}],"curies":[{"name":"wp","href":"https:\/\/api.w.org\/{rel}","templated":true}]}}