{"id":1803,"date":"2016-04-22T00:15:08","date_gmt":"2016-04-21T17:15:08","guid":{"rendered":"http:\/\/proceskhmersrouges.net\/?p=1803"},"modified":"2016-04-22T00:41:52","modified_gmt":"2016-04-21T17:41:52","slug":"nhem-en-veut-son-musee","status":"publish","type":"post","link":"https:\/\/proceskhmersrouges.net\/?p=1803","title":{"rendered":"Nhem En veut son mus\u00e9e"},"content":{"rendered":"<figure id=\"attachment_1807\" aria-describedby=\"caption-attachment-1807\" style=\"width: 500px\" class=\"wp-caption aligncenter\"><img loading=\"lazy\" class=\"wp-image-1807 size-full\" src=\"http:\/\/proceskhmersrouges.net\/wp-content\/uploads\/2016\/04\/Nhem-En-veut-son-mus\u00e9e.jpg\" alt=\"Confront\u00e9 aux propos de plusieurs anciens membres du personnel de S21 qui ne le reconnaissent pas comme le chef de l'unit\u00e9 des photographes, alors que depuis des ann\u00e9es il clame le contraire dans les m\u00e9dias, Nhem En a expliqu\u00e9 \u00e0 l'avocate de Khieu Samphan qu'apr\u00e8s sa formation en Chine (sur laquelle on continue de s'interroger) il se consid\u00e9rait comme davantage expert, donc comme le chef. Une r\u00e9ponse qui a agac\u00e9 le pr\u00e9sident de la cour Nil Nonn, qui a rappel\u00e9 \u00e0 Nhem En combien la hi\u00e9rarchie khm\u00e8re rouge \u00e9tait stricte et combien il \u00e9tait peu convaincant...(CETC)\" width=\"500\" height=\"331\" srcset=\"https:\/\/proceskhmersrouges.net\/wp-content\/uploads\/2016\/04\/Nhem-En-veut-son-mus\u00e9e.jpg 500w, https:\/\/proceskhmersrouges.net\/wp-content\/uploads\/2016\/04\/Nhem-En-veut-son-mus\u00e9e-150x99.jpg 150w, https:\/\/proceskhmersrouges.net\/wp-content\/uploads\/2016\/04\/Nhem-En-veut-son-mus\u00e9e-300x199.jpg 300w\" sizes=\"(max-width: 500px) 100vw, 500px\" \/><figcaption id=\"caption-attachment-1807\" class=\"wp-caption-text\">Confront\u00e9 aux propos de plusieurs anciens membres du personnel de S21 qui ne le reconnaissent pas comme le chef de l&rsquo;unit\u00e9 des photographes, alors que depuis des ann\u00e9es il clame le contraire dans les m\u00e9dias, Nhem En a expliqu\u00e9 \u00e0 l&rsquo;avocate de Khieu Samphan qu&rsquo;apr\u00e8s sa formation en Chine (sur laquelle on continue de s&rsquo;interroger) il se consid\u00e9rait comme un expert, donc comme le chef. Une r\u00e9ponse qui a agac\u00e9 le pr\u00e9sident de la cour Nil Nonn, lequel a rappel\u00e9 \u00e0 Nhem En combien la hi\u00e9rarchie khm\u00e8re rouge \u00e9tait stricte et combien il \u00e9tait peu convaincant&#8230;(CETC)<\/figcaption><\/figure>\n<p>Alors que les juges et la d\u00e9fense de Khieu Samphan questionnaient de mani\u00e8re serr\u00e9e la coh\u00e9rence de ses propos et de son t\u00e9moignage (lors des audiences mercredi 20 avril et jeudi 21 avril aux CETC), Nhem En a profit\u00e9 de la tribune judiciaire pour annoncer qu\u2019il avait cr\u00e9\u00e9 sa soci\u00e9t\u00e9 et qu\u2019une entreprise cor\u00e9enne \u00e9tait pr\u00eate \u00e0 investir 5 millions de dollars afin qu\u2019il puisse ouvrir son mus\u00e9e \u00e0 Siem Reap. Ce mus\u00e9e sur l\u2019histoire des Khmers rouges pr\u00e9sentera les nombreuses photographies dont Nhem En tend un peu rapidement \u00e0 s\u2019accorder la paternit\u00e9.<br \/>\nAinsi malgr\u00e9 ses d\u00e9convenues successives, Nhem En persiste et signe. Rappelons qu\u2019au d\u00e9but 2015, il s\u2019\u00e9tait install\u00e9 face \u00e0 l\u2019entr\u00e9e du mus\u00e9e Toul Sleng pour y vendre ses m\u00e9moires, imprim\u00e9es \u00e0 compte d\u2019auteur. Le minist\u00e8re de la Culture lui avait refus\u00e9 la vente de son livre dans l\u2019enceinte du mus\u00e9e. Aussit\u00f4t il criait \u00e0 la discrimination. Assur\u00e9ment, Nhem En ne manque pas de culot. Il se pr\u00e9sente comme le chef des photographes de S21 (qu\u2019il n\u2019\u00e9tait pas, selon plusieurs anciens de S21 dont Duch) et en m\u00eame temps il se proclame victime des Khmers rouges. Pourtant il leur a \u00e9t\u00e9 fid\u00e8le jusqu\u2019au bout. En 2013, lors de la c\u00e9r\u00e9monie fun\u00e9raire de Ieng Sary, le beau-fr\u00e8re de Pol Pot, il distribuait des cartes de visite sur lesquelles on pouvait lire : \u00ab membre khmer rouge 1975-1995 \u00bb. En 2009, l\u2019homme tentait de vendre aux ench\u00e8res une paire de sandales port\u00e9es par Pol Pot et deux appareils photos qui auraient servi \u00e0 photographier les d\u00e9tenus de S21. Prix de d\u00e9part : 500 000 dollars. Jeudi 21 avril, Nhem En confirme m\u00eame qu\u2019il a essay\u00e9 d\u2019obtenir des ventes de ses reliques khm\u00e8res rouges la modeste somme d\u20191 million de dollars. Sur le banc des accus\u00e9s Khieu Samphan sourit. Comprenez bien les raisons de Nhem En (qui monnaye la moindre de ses interviews et qui \u00e9tait r\u00e9ticent \u00e0 r\u00e9pondre aux CETC sans compensation financi\u00e8re) : c\u2019est \u00e0 cause de la crise financi\u00e8re, il a perdu beaucoup d\u2019argent.<br \/>\nNhem En avait mis de longues ann\u00e9es \u00e0 renoncer \u00e0 son projet de mus\u00e9e \u00ab consacr\u00e9 \u00e0 l\u2019histoire \u00bb dans le fief khmer rouge d\u2019Anlong Veng pas tr\u00e8s loin de la tombe de Pol Pot. Finalement, il reprend son projet \u00e0 Siem Reap, premi\u00e8re ville touristique du pays. Ah ! L\u2019odeur des dollars\u2026<\/p>\n","protected":false},"excerpt":{"rendered":"<p>Il se dit passionn\u00e9 d&rsquo;histoire mais marchande la moindre de ses interviews. Face aux juges et \u00e0 la d\u00e9fense de Khieu Samphan, Nhem En, ancien photographe de S21, en a pris pour son grade. Mais il a r\u00e9ussi \u00e0 glisser que son projet de mus\u00e9e sur le r\u00e9gime khmer rouge int\u00e9ressait des investisseurs cor\u00e9ens. <\/p>\n","protected":false},"author":1,"featured_media":1807,"comment_status":"open","ping_status":"open","sticky":false,"template":"","format":"standard","meta":[],"categories":[17],"tags":[],"_links":{"self":[{"href":"https:\/\/proceskhmersrouges.net\/index.php?rest_route=\/wp\/v2\/posts\/1803"}],"collection":[{"href":"https:\/\/proceskhmersrouges.net\/index.php?rest_route=\/wp\/v2\/posts"}],"about":[{"href":"https:\/\/proceskhmersrouges.net\/index.php?rest_route=\/wp\/v2\/types\/post"}],"author":[{"embeddable":true,"href":"https:\/\/proceskhmersrouges.net\/index.php?rest_route=\/wp\/v2\/users\/1"}],"replies":[{"embeddable":true,"href":"https:\/\/proceskhmersrouges.net\/index.php?rest_route=%2Fwp%2Fv2%2Fcomments&post=1803"}],"version-history":[{"count":5,"href":"https:\/\/proceskhmersrouges.net\/index.php?rest_route=\/wp\/v2\/posts\/1803\/revisions"}],"predecessor-version":[{"id":1809,"href":"https:\/\/proceskhmersrouges.net\/index.php?rest_route=\/wp\/v2\/posts\/1803\/revisions\/1809"}],"wp:featuredmedia":[{"embeddable":true,"href":"https:\/\/proceskhmersrouges.net\/index.php?rest_route=\/wp\/v2\/media\/1807"}],"wp:attachment":[{"href":"https:\/\/proceskhmersrouges.net\/index.php?rest_route=%2Fwp%2Fv2%2Fmedia&parent=1803"}],"wp:term":[{"taxonomy":"category","embeddable":true,"href":"https:\/\/proceskhmersrouges.net\/index.php?rest_route=%2Fwp%2Fv2%2Fcategories&post=1803"},{"taxonomy":"post_tag","embeddable":true,"href":"https:\/\/proceskhmersrouges.net\/index.php?rest_route=%2Fwp%2Fv2%2Ftags&post=1803"}],"curies":[{"name":"wp","href":"https:\/\/api.w.org\/{rel}","templated":true}]}}