{"id":193,"date":"2009-04-22T23:35:06","date_gmt":"2009-04-22T16:35:06","guid":{"rendered":"http:\/\/proceskhmersrouges.net\/?p=193"},"modified":"2009-04-22T23:35:06","modified_gmt":"2009-04-22T16:35:06","slug":"%c2%ab-monsieur-peschoux-s%e2%80%99est-conduit-comme-un-voleur-%c2%bb","status":"publish","type":"post","link":"https:\/\/proceskhmersrouges.net\/?p=193","title":{"rendered":"\u00ab Monsieur Peschoux s\u2019est conduit comme un voleur \u00bb"},"content":{"rendered":"<p>Le 6 avril, alors que s&rsquo;ouvraient les audiences consacr\u00e9es \u00e0 M13, la d\u00e9fense de Duch demandait \u00e0 ce qu&rsquo;un entretien r\u00e9alis\u00e9 entre le 29 avril et le 3 mai 1999 par Christophe Peschoux alors repr\u00e9sentant du Haut Commissariat des Nations unies aux droits de l&rsquo;Homme, ne soit pas port\u00e9 \u00e0 charge contre l&rsquo;accus\u00e9, \u00e9mettant de s\u00e9rieuses r\u00e9serves sur la mani\u00e8re dont cet entretien avait \u00e9t\u00e9 men\u00e9. En cette journ\u00e9e de cl\u00f4ture des audiences sur M13, le juge Lavergne a souhait\u00e9 revenir sur les circonstances dans lesquelles cet entretien a eu lieu afin que la cour prenne sa d\u00e9cision de retenir ou non ce document en connaissance de cause.<\/p>\n<p>L&rsquo;accus\u00e9\u00a0 a donc \u00e9t\u00e9 questionn\u00e9 sur ces circonstances. Il n&rsquo;a pas m\u00e2ch\u00e9 ses mots. \u00ab\u00a0Si on \u00e9coutait l&rsquo;enregistrement, on pourrait se rendre compte que je ne pouvais collaborer\u00a0\u00bb, l\u00e2che Duch reprochant \u00e0 Christophe Peschoux de l&rsquo;avoir approch\u00e9 sous le faux pr\u00e9texte de vouloir le rencontrer dans la perspective de construire une \u00e9cole \u00e0 Battambang, d&rsquo;avoir \u00e9lev\u00e9 la voix pendant les entretiens, d&rsquo;avoir brandi l&rsquo;autorit\u00e9 d&rsquo;un mandat de l&rsquo;Onu pour qu&rsquo;il parle, d&rsquo;avoir dit qu&rsquo;il allait trouver un pays qui lui offrirait l&rsquo;asile politique et o\u00f9 il serait incarc\u00e9r\u00e9. \u00ab\u00a0Monsieur Peschoux s&rsquo;est conduit comme un voleur. Pourquoi n&rsquo;avait-il pas un accord pr\u00e9alable avec le gouvernement\u00a0?\u00a0\u00bb, interroge Duch en insistant sur le fait qu&rsquo;il \u00e9tait pr\u00eat \u00e0 reconna\u00eetre ses responsabilit\u00e9s, en particulier depuis que Pol Pot avait ni\u00e9 l&rsquo;existence de S21 et affirm\u00e9 que S21 \u00e9tait une invention des Vietnamiens. \u00ab\u00a0J&rsquo;ai \u00e9t\u00e9 amen\u00e9 \u00e0 sortir de mon silence. Je devais appara\u00eetre au grand jour.\u00a0\u00bb Duch a donc r\u00e9pondu librement \u00e0 Christophe Peschoux, ainsi qu&rsquo;aux journalistes Nic Dunlop et Nate Thayer qui avaient retrouv\u00e9 sa trace et \u00e9taient pr\u00e9sents. \u00ab\u00a0Je voulais r\u00e9v\u00e9ler la v\u00e9rit\u00e9.\u00a0\u00bb<\/p>\n<p>Le co-procureur a bien tent\u00e9 de demander \u00e0 Duch s&rsquo;il refusait que cet entretien soit utilis\u00e9 contre lui parce qu&rsquo;il l&rsquo;incrimine davantage encore. Il a fait chou blanc face \u00e0 la d\u00e9fense qui l&rsquo;a accus\u00e9 de \u00ab\u00a0rentrer par la fen\u00eatre alors qu&rsquo;on a ferm\u00e9 la porte\u00a0\u00bb.<\/p>\n","protected":false},"excerpt":{"rendered":"<p>Duch<\/p>\n","protected":false},"author":1,"featured_media":0,"comment_status":"open","ping_status":"open","sticky":false,"template":"","format":"standard","meta":[],"categories":[6],"tags":[],"_links":{"self":[{"href":"https:\/\/proceskhmersrouges.net\/index.php?rest_route=\/wp\/v2\/posts\/193"}],"collection":[{"href":"https:\/\/proceskhmersrouges.net\/index.php?rest_route=\/wp\/v2\/posts"}],"about":[{"href":"https:\/\/proceskhmersrouges.net\/index.php?rest_route=\/wp\/v2\/types\/post"}],"author":[{"embeddable":true,"href":"https:\/\/proceskhmersrouges.net\/index.php?rest_route=\/wp\/v2\/users\/1"}],"replies":[{"embeddable":true,"href":"https:\/\/proceskhmersrouges.net\/index.php?rest_route=%2Fwp%2Fv2%2Fcomments&post=193"}],"version-history":[{"count":1,"href":"https:\/\/proceskhmersrouges.net\/index.php?rest_route=\/wp\/v2\/posts\/193\/revisions"}],"predecessor-version":[{"id":194,"href":"https:\/\/proceskhmersrouges.net\/index.php?rest_route=\/wp\/v2\/posts\/193\/revisions\/194"}],"wp:attachment":[{"href":"https:\/\/proceskhmersrouges.net\/index.php?rest_route=%2Fwp%2Fv2%2Fmedia&parent=193"}],"wp:term":[{"taxonomy":"category","embeddable":true,"href":"https:\/\/proceskhmersrouges.net\/index.php?rest_route=%2Fwp%2Fv2%2Fcategories&post=193"},{"taxonomy":"post_tag","embeddable":true,"href":"https:\/\/proceskhmersrouges.net\/index.php?rest_route=%2Fwp%2Fv2%2Ftags&post=193"}],"curies":[{"name":"wp","href":"https:\/\/api.w.org\/{rel}","templated":true}]}}