{"id":297,"date":"2009-05-08T08:07:04","date_gmt":"2009-05-08T01:07:04","guid":{"rendered":"http:\/\/proceskhmersrouges.net\/?p=297"},"modified":"2009-05-09T09:41:21","modified_gmt":"2009-05-09T02:41:21","slug":"%c2%ab-je-souhaitais-que-la-nuit-ne-vienne-pas-%c2%bb","status":"publish","type":"post","link":"https:\/\/proceskhmersrouges.net\/?p=297","title":{"rendered":"\u00ab Je souhaitais que la nuit<br\/> ne vienne pas \u00bb"},"content":{"rendered":"<p><div><\/div>\n<\/p>\n<p><span style=\"font-size: 12pt; font-family: &quot;Times New Roman&quot;; mso-fareast-font-family: 'Times New Roman'; mso-ansi-language: FR; mso-fareast-language: FR; mso-bidi-language: AR-SA;\"><\/p>\n<p>La nuit, le soir, minuit. C&rsquo;\u00e9taient des heures propices pour tuer selon cet habitant de Tnol Lok, un village situ\u00e9 pr\u00e8s de Tak\u00e9o. Bien s\u00fbr les hommes disparaissaient aussi le jour, emmen\u00e9s par les Khmers rouges. Mais \u00e0 la tomb\u00e9e de la nuit, ce t\u00e9moin raconte comment\u00a0l&rsquo;angoisse s&rsquo;accentuait. Dans le documentaire d&rsquo;Ella Pugliese et Nou Va,\u00a0\u00ab\u00a0We want (u) to know\u00a0\u00bb,\u00a0il avoue\u00a0cette sourde peur quotidienne\u00a0: \u00ab\u00a0Je souhaitais que la nuit ne vienne pas\u00a0\u00bb.<\/p>\n<p><br class=\"spacer_\" \/><\/p>\n<p><\/span><\/p>\n","protected":false},"excerpt":{"rendered":"<p>Un habitant de Tnol Lok<\/p>\n","protected":false},"author":1,"featured_media":0,"comment_status":"open","ping_status":"open","sticky":false,"template":"","format":"standard","meta":[],"categories":[6],"tags":[],"_links":{"self":[{"href":"https:\/\/proceskhmersrouges.net\/index.php?rest_route=\/wp\/v2\/posts\/297"}],"collection":[{"href":"https:\/\/proceskhmersrouges.net\/index.php?rest_route=\/wp\/v2\/posts"}],"about":[{"href":"https:\/\/proceskhmersrouges.net\/index.php?rest_route=\/wp\/v2\/types\/post"}],"author":[{"embeddable":true,"href":"https:\/\/proceskhmersrouges.net\/index.php?rest_route=\/wp\/v2\/users\/1"}],"replies":[{"embeddable":true,"href":"https:\/\/proceskhmersrouges.net\/index.php?rest_route=%2Fwp%2Fv2%2Fcomments&post=297"}],"version-history":[{"count":2,"href":"https:\/\/proceskhmersrouges.net\/index.php?rest_route=\/wp\/v2\/posts\/297\/revisions"}],"predecessor-version":[{"id":302,"href":"https:\/\/proceskhmersrouges.net\/index.php?rest_route=\/wp\/v2\/posts\/297\/revisions\/302"}],"wp:attachment":[{"href":"https:\/\/proceskhmersrouges.net\/index.php?rest_route=%2Fwp%2Fv2%2Fmedia&parent=297"}],"wp:term":[{"taxonomy":"category","embeddable":true,"href":"https:\/\/proceskhmersrouges.net\/index.php?rest_route=%2Fwp%2Fv2%2Fcategories&post=297"},{"taxonomy":"post_tag","embeddable":true,"href":"https:\/\/proceskhmersrouges.net\/index.php?rest_route=%2Fwp%2Fv2%2Ftags&post=297"}],"curies":[{"name":"wp","href":"https:\/\/api.w.org\/{rel}","templated":true}]}}