{"id":403,"date":"2009-04-09T23:23:35","date_gmt":"2009-04-09T16:23:35","guid":{"rendered":"http:\/\/proceskhmersrouges.net\/?p=403"},"modified":"2009-06-06T23:31:39","modified_gmt":"2009-06-06T16:31:39","slug":"comment-des-khmers-ont-pu-se-comporter-de-cette-facon-a-l%e2%80%99egard-de-leurs-congeneres","status":"publish","type":"post","link":"https:\/\/proceskhmersrouges.net\/?p=403","title":{"rendered":"&#8211; Comment des Khmers ont pu se comporter de cette fa\u00e7on \u00e0 l\u2019\u00e9gard de leurs cong\u00e9n\u00e8res ? <br\/>&#8211; C\u2019est un probl\u00e8me politique."},"content":{"rendered":"<p>Ce 9 avril, c&rsquo;est l&rsquo;accus\u00e9 qui rappelle le primat essentiel du politique pour expliquer ce qui s&rsquo;est pass\u00e9 au Cambodge.<\/p>\n<p><br class=\"spacer_\" \/><\/p>\n<p>Le juge\u00a0: &#8211; Ce sont des Khmers qui ont fait \u00e7a \u00e0 des Khmers&#8230;<\/p>\n<p>Duch\u00a0: &#8211; Pendant la p\u00e9riode o\u00f9 j&rsquo;ai supervis\u00e9 M13, je n&rsquo;ai vu que des Cambodgiens \u00e0 l&rsquo;exception de Bizot et Jacques Roiselec. Donc bien s\u00fbr c&rsquo;\u00e9tait des Khmers qui tuaient des Khmers.<\/p>\n<p><br class=\"spacer_\" \/><\/p>\n<p>Juge\u00a0: &#8211; Comment des Khmers ont-ils pu se comporter de cette fa\u00e7on \u00e0 l&rsquo;\u00e9gard de leurs cong\u00e9n\u00e8res\u00a0?<\/p>\n<p>Duch &#8211; C&rsquo;est un probl\u00e8me politique. Tout d&rsquo;abord il fallait liquider les espions ennemis. Ensuite, il y avait la lutte des classes dans la zone lib\u00e9r\u00e9e. Il fallait d\u00e9fendre la ligne prol\u00e9tarienne. Voil\u00e0 pourquoi des Khmers ont tu\u00e9 d&rsquo;autres Khmers, \u00e0 cause de ces principes.<\/p>\n","protected":false},"excerpt":{"rendered":"<p>R\u00e9ponse de Duch au juge Lavergne<\/p>\n","protected":false},"author":1,"featured_media":0,"comment_status":"open","ping_status":"open","sticky":false,"template":"","format":"standard","meta":[],"categories":[6],"tags":[],"_links":{"self":[{"href":"https:\/\/proceskhmersrouges.net\/index.php?rest_route=\/wp\/v2\/posts\/403"}],"collection":[{"href":"https:\/\/proceskhmersrouges.net\/index.php?rest_route=\/wp\/v2\/posts"}],"about":[{"href":"https:\/\/proceskhmersrouges.net\/index.php?rest_route=\/wp\/v2\/types\/post"}],"author":[{"embeddable":true,"href":"https:\/\/proceskhmersrouges.net\/index.php?rest_route=\/wp\/v2\/users\/1"}],"replies":[{"embeddable":true,"href":"https:\/\/proceskhmersrouges.net\/index.php?rest_route=%2Fwp%2Fv2%2Fcomments&post=403"}],"version-history":[{"count":3,"href":"https:\/\/proceskhmersrouges.net\/index.php?rest_route=\/wp\/v2\/posts\/403\/revisions"}],"predecessor-version":[{"id":406,"href":"https:\/\/proceskhmersrouges.net\/index.php?rest_route=\/wp\/v2\/posts\/403\/revisions\/406"}],"wp:attachment":[{"href":"https:\/\/proceskhmersrouges.net\/index.php?rest_route=%2Fwp%2Fv2%2Fmedia&parent=403"}],"wp:term":[{"taxonomy":"category","embeddable":true,"href":"https:\/\/proceskhmersrouges.net\/index.php?rest_route=%2Fwp%2Fv2%2Fcategories&post=403"},{"taxonomy":"post_tag","embeddable":true,"href":"https:\/\/proceskhmersrouges.net\/index.php?rest_route=%2Fwp%2Fv2%2Ftags&post=403"}],"curies":[{"name":"wp","href":"https:\/\/api.w.org\/{rel}","templated":true}]}}