{"id":467,"date":"2009-06-10T00:27:44","date_gmt":"2009-06-09T17:27:44","guid":{"rendered":"http:\/\/proceskhmersrouges.net\/?p=467"},"modified":"2009-06-11T13:54:34","modified_gmt":"2009-06-11T06:54:34","slug":"%c2%ab-pol-pot-n%e2%80%99a-jamais-rejoint-les-rangs-khmers-krom-consideres-comme-des-ennemis-affilies-des-etats-unis-%c2%bb","status":"publish","type":"post","link":"https:\/\/proceskhmersrouges.net\/?p=467","title":{"rendered":"\u00ab Pol Pot n\u2019a jamais rejoint les rangs des Khmers krom consid\u00e9r\u00e9s comme des ennemis, affili\u00e9s aux Etats-Unis. \u00bb"},"content":{"rendered":"<p class=\"MsoNormal\" style=\"margin: 0cm 0cm 0pt;\"><span style=\"font-size: small; font-family: Times New Roman;\">Dans le conflit entre le Cambodge et le Vietnam, le mouvement de r\u00e9sistance des Khmers krom (vivant dans le delta du M\u00e9kong vietnamien) aurait logiquement d\u00fb trouver un soutien en Pol Pot mais Duch affirme qu\u2019en 1977, ce mouvement \u00ab\u00a0a envoy\u00e9 une d\u00e9l\u00e9gation de trois personnes pour n\u00e9gocier avec le Parti communiste du Kampuch\u00e9a, pour demander son appui\u00a0\u00bb. Consigne fut donn\u00e9e de les \u00ab\u00a0\u00e9craser\u00a0\u00bb. \u00ab\u00a0Pol Pot n\u2019a jamais rejoint les rangs khmers krom consid\u00e9r\u00e9s comme des ennemis, affili\u00e9s\u00a0aux Etats-Unis.\u00a0\u00bb<\/span><\/p>\n<p class=\"MsoNormal\" style=\"margin: 0cm 0cm 0pt;\"><span style=\"font-size: small; font-family: Times New Roman;\">Surpris, le juge Jean-Marc Lavergne fait confirmer son propos par Duch qui acquiesce. <\/span><\/p>\n<p><span style=\"font-size: 12pt; font-family: &quot;Times New Roman&quot;; mso-fareast-font-family: 'Times New Roman'; mso-ansi-language: FR; mso-fareast-language: FR; mso-bidi-language: AR-SA;\">Comment comprendre alors que les envoy\u00e9s sp\u00e9ciaux du Fulro (Front uni de lutte des races opprim\u00e9es) aient \u00e9t\u00e9 rel\u00e2ch\u00e9s de S21\u00a0? L\u2019Angkar avait donn\u00e9 l\u2019ordre de les \u00e9pargner apr\u00e8s la visite d\u2019une deuxi\u00e8me d\u00e9l\u00e9gation, assure l\u2019accus\u00e9. A l&rsquo;avocat Hong Kim Suon, il pr\u00e9cise que \u00ab\u00a0dans une situation de catastrophe les ennemis ont \u00e9t\u00e9 amen\u00e9s \u00e0 \u00eatre consid\u00e9r\u00e9s comme des amis\u00a0\u00bb, sans autre d\u00e9tail.<\/span><\/p>\n","protected":false},"excerpt":{"rendered":"<p>Duch<\/p>\n","protected":false},"author":1,"featured_media":0,"comment_status":"open","ping_status":"open","sticky":false,"template":"","format":"standard","meta":[],"categories":[6],"tags":[],"_links":{"self":[{"href":"https:\/\/proceskhmersrouges.net\/index.php?rest_route=\/wp\/v2\/posts\/467"}],"collection":[{"href":"https:\/\/proceskhmersrouges.net\/index.php?rest_route=\/wp\/v2\/posts"}],"about":[{"href":"https:\/\/proceskhmersrouges.net\/index.php?rest_route=\/wp\/v2\/types\/post"}],"author":[{"embeddable":true,"href":"https:\/\/proceskhmersrouges.net\/index.php?rest_route=\/wp\/v2\/users\/1"}],"replies":[{"embeddable":true,"href":"https:\/\/proceskhmersrouges.net\/index.php?rest_route=%2Fwp%2Fv2%2Fcomments&post=467"}],"version-history":[{"count":4,"href":"https:\/\/proceskhmersrouges.net\/index.php?rest_route=\/wp\/v2\/posts\/467\/revisions"}],"predecessor-version":[{"id":471,"href":"https:\/\/proceskhmersrouges.net\/index.php?rest_route=\/wp\/v2\/posts\/467\/revisions\/471"}],"wp:attachment":[{"href":"https:\/\/proceskhmersrouges.net\/index.php?rest_route=%2Fwp%2Fv2%2Fmedia&parent=467"}],"wp:term":[{"taxonomy":"category","embeddable":true,"href":"https:\/\/proceskhmersrouges.net\/index.php?rest_route=%2Fwp%2Fv2%2Fcategories&post=467"},{"taxonomy":"post_tag","embeddable":true,"href":"https:\/\/proceskhmersrouges.net\/index.php?rest_route=%2Fwp%2Fv2%2Ftags&post=467"}],"curies":[{"name":"wp","href":"https:\/\/api.w.org\/{rel}","templated":true}]}}