{"id":495,"date":"2009-06-26T20:32:17","date_gmt":"2009-06-26T13:32:17","guid":{"rendered":"http:\/\/proceskhmersrouges.net\/?p=495"},"modified":"2010-12-02T00:47:16","modified_gmt":"2010-12-01T17:47:16","slug":"une-audience-sur-s24-peu-convaincante","status":"publish","type":"post","link":"https:\/\/proceskhmersrouges.net\/?p=495","title":{"rendered":"Une audience sur S24 peu convaincante"},"content":{"rendered":"<p><br class=\"spacer_\" \/><\/p>\n<div><strong> <\/strong><\/div>\n<p><br class=\"spacer_\" \/><\/p>\n<p><br class=\"spacer_\" \/><\/p>\n<div><strong> <\/strong><\/div>\n<p><br class=\"spacer_\" \/><\/p>\n<p><br class=\"spacer_\" \/><\/p>\n<div><strong> <\/strong><\/div>\n<p><br class=\"spacer_\" \/><\/p>\n<p><strong> <\/strong><\/p>\n<p><br class=\"spacer_\" \/><\/p>\n<p><br class=\"spacer_\" \/><\/p>\n<figure id=\"attachment_496\" aria-describedby=\"caption-attachment-496\" style=\"width: 400px\" class=\"wp-caption aligncenter\"><strong><img loading=\"lazy\" class=\"size-full wp-image-496\" title=\"25-06-09-mariage-huy-srae-khoeun\" src=\"http:\/\/proceskhmersrouges.net\/wp-content\/uploads\/2009\/06\/25-06-09-mariage-huy-srae-khoeun.jpg\" alt=\"Photo du mariage de Huy Sra\u00e9, adjoint de Duch qui avait sous sa responsabilit\u00e9 S24, avec Khoeun qui devint interrogatrice \u00e0 S21. Dans l'ouvrage r\u00e9alis\u00e9 par le DC-Cam pour les classes cambodgiennes sur l'histoire du Kampuch\u00e9a d\u00e9mocratique, cette image est simplement l\u00e9gend\u00e9e &quot;mariage khmer rouge&quot;. (DC-Cam) \" width=\"400\" height=\"281\" srcset=\"https:\/\/proceskhmersrouges.net\/wp-content\/uploads\/2009\/06\/25-06-09-mariage-huy-srae-khoeun.jpg 400w, https:\/\/proceskhmersrouges.net\/wp-content\/uploads\/2009\/06\/25-06-09-mariage-huy-srae-khoeun-300x210.jpg 300w\" sizes=\"(max-width: 400px) 100vw, 400px\" \/><\/strong><figcaption id=\"caption-attachment-496\" class=\"wp-caption-text\">Photo du mariage de Huy Sra\u00e9, adjoint de Duch qui avait sous sa responsabilit\u00e9 S24, avec Khoeun qui devint interrogatrice \u00e0 S21. Dans l&#39;ouvrage r\u00e9alis\u00e9 par le DC-Cam pour les classes cambodgiennes sur l&#39;histoire du Kampuch\u00e9a d\u00e9mocratique, cette image est simplement l\u00e9gend\u00e9e &quot;mariage khmer rouge&quot;. (DC-Cam) <\/figcaption><\/figure>\n<p><br class=\"spacer_\" \/><\/p>\n<p><br class=\"spacer_\" \/><\/p>\n<p><strong><br class=\"spacer_\" \/><\/strong><\/p>\n<p><strong><br class=\"spacer_\" \/><\/strong><\/p>\n<p><strong><br class=\"spacer_\" \/><\/strong><\/p>\n<p><strong> <\/strong><\/p>\n<p><strong>L&rsquo;autorit\u00e9 sur S24 d\u00e9l\u00e9gu\u00e9e<\/strong><\/p>\n<p>Les questions des co-procureurs auront contribu\u00e9 \u00e0 montrer que Duch avait d\u00e9l\u00e9gu\u00e9 une partie importante de pouvoir \u00e0 ses adjoints Hor et Huy Sra\u00e9 (surnom de Nuon Huy). A l&rsquo;\u00e9poque, aucune piq\u00fbre de rappel ne fut n\u00e9cessaire : \u00ab\u00a0L&rsquo;autorit\u00e9 a \u00e9t\u00e9 donn\u00e9e une fois et une fois seulement\u00a0\u00bb. \u00ab\u00a0Pour ce qui est du travail que nous faisions, oui je leur faisais confiance. Je peux aussi dire qu&rsquo;ils ne nous ont jamais mis en danger.\u00a0\u00bb Quelle \u00e9tait la menace ? Selon Duch, il fallait emp\u00eacher les \u00ab\u00a0composants\u00a0\u00bb de s&rsquo;\u00e9chapper ou de se r\u00e9volter. Hor et Huy \u00e9taient tous deux \u00ab\u00a0tr\u00e8s pr\u00e9occup\u00e9s de faire leur devoir vis-\u00e0-vis du parti\u00a0\u00bb, pr\u00e9cise l&rsquo;accus\u00e9. A la demande du co-procureur William Smith, Duch explique que s&rsquo;il avait voulu intervenir dans leur gestion de S24, il avait toute autorit\u00e9 pour le faire. \u00ab\u00a0Oui je n&rsquo;ai rien fait pour y mettre un terme\u00a0\u00bb. A l&rsquo;avocate du groupe 1 des parties civiles Ty Srinna, l&rsquo;accus\u00e9 avoue n&rsquo;avoir pas tent\u00e9 de minimiser les ex\u00e9cutions : \u00ab\u00a0J&rsquo;ai fait ce qu&rsquo;on m&rsquo;a dit de faire car je respectais le gouvernement \u00e0 l&rsquo;\u00e9poque. [&#8230;] Je n&rsquo;ai rien fait pour r\u00e9sister.\u00a0\u00bb<\/p>\n<p><br class=\"spacer_\" \/><\/p>\n<p><strong>Timing serr\u00e9 pour les parties civiles<\/strong><\/p>\n<p>Les co-procureurs et le groupe 1 des parties civiles s&rsquo;\u00e9taient associ\u00e9s mercredi 24 juin pour demander au pr\u00e9sident de la cour du temps afin de pr\u00e9parer leurs questions sur Prey S\u00e2r. Jeudi, chaque groupe de parties civiles avait 15 mn pour interroger l&rsquo;accus\u00e9. Quand Alain Werner prend son tour apr\u00e8s Ty Srinna, il annonce : \u00ab\u00a0A ma montre suisse, il me reste 5 minutes et demie\u00a0\u00bb.<\/p>\n<p>La formulation des questions pos\u00e9es par les parties est parfois surprenantes. On demande \u00e0 l&rsquo;accus\u00e9 si telle d\u00e9claration a bien \u00e9t\u00e9 comprise, si telle interpr\u00e9tation est exacte. Ces v\u00e9rifications sont certes parfois n\u00e9cessaires mais se r\u00e9v\u00e8lent souvent peu efficaces quand il s&rsquo;agit de prouver.<\/p>\n<p>Surtout quand les questions sont longues et tarabiscot\u00e9es ou quand personne ne relance l&rsquo;accus\u00e9 sur ses r\u00e9ponses vagues.\u00a0Lorsque l&rsquo;avocat du groupe 3 des parties civiles, Kim Mengkhy, se fait porte-parole de ses clients et qu&rsquo;il interroge tr\u00e8s concr\u00e8tement sur le vol d&rsquo;un fruit qui pouvait conduire \u00e0 Choeung Ek ou\u00a0le travail forc\u00e9 pour\u00a0creuser un canal en l&rsquo;espace de trois jours, Duch se contente de d\u00e9clarer \u00ab\u00a0Je ne nie pas les peines et les souffrances des victimes.\u00a0\u00bb Personne ne s&rsquo;arr\u00eate aux d\u00e9tails, l&rsquo;avocat encha\u00eene la question suivante.<\/p>\n<p><br class=\"spacer_\" \/><\/p>\n<p><strong>Le co-procureur sugg\u00e8re \u00e0 Duch une m\u00e9moire d\u00e9faillante<\/strong><\/p>\n<p>\u00ab\u00a0Est-il exact de dire que vous \u00e9tiez bien inform\u00e9 de tout ce qui se passait \u00e0 Prey S\u00e2r gr\u00e2ce \u00e0 vos r\u00e9unions quotidiennes avec Hor et vos contacts avec Huy Sra\u00e9\u00a0? Mais il est peut-\u00eatre difficile trente ans apr\u00e8s de se souvenir du nombre et de la fr\u00e9quence [des rapports envoy\u00e9s sur S24].\u00a0\u00bb \u00ab\u00a0Ce que vous dites est juste, r\u00e9pond sans surprise Duch. Trente ans se sont \u00e9coul\u00e9s.\u00a0\u00bb L&rsquo;accus\u00e9 se rappelle des rapports qui parvenaient \u00e0 son bureau : il lui arrivait, dit-il, de rester plusieurs mois sans les regarder, ou il en annotait certains avant de les envoyer \u00e0 l&rsquo;\u00e9chelon sup\u00e9rieur, ou d&rsquo;autres restaient stock\u00e9s dans ses archives. \u00ab\u00a0Si on retrouve les documents, je pourrai les regarder et vous en dire plus\u00a0\u00bb, conclut-il. Le co-procureur avait-il besoin de sugg\u00e9rer \u00e0 Duch une m\u00e9moire d\u00e9faillante\u00a0?<\/p>\n<p><br class=\"spacer_\" \/><\/p>\n<p><strong>Les formes sans le fond<\/strong><\/p>\n<p>William Smith remercie l&rsquo;accus\u00e9 pour son \u00ab\u00a0honn\u00eatet\u00e9\u00a0\u00bb et sa \u00ab\u00a0clart\u00e9\u00a0\u00bb. Pourquoi tant de d\u00e9f\u00e9rence vis-\u00e0-vis d&rsquo;un accus\u00e9 qui, bien s\u00fbr collabore avec le tribunal, mais jusqu&rsquo;ici ne reconna\u00eet\u00a0que les faits strictement \u00e9tay\u00e9s par\u00a0des documents. \u00ab\u00a0S&rsquo;il y a des \u00e9l\u00e9ments de preuve nouveaux, on verra\u00a0\u00bb lance-t-il au co-procureur en d\u00e9but de matin\u00e9e.<\/p>\n<p>Alain Werner a les m\u00eames \u00e9gards pour l&rsquo;accus\u00e9 : \u00ab\u00a0Merci d&rsquo;avoir r\u00e9pondu \u00e0 mes questions et je vous remercie pour votre indulgence.\u00a0\u00bb A la pause de 10h30, certains auditeurs sortent pour le moins \u00e9tonn\u00e9s par les questions jusqu&rsquo;ici peu d\u00e9rangeantes associ\u00e9es aux courbettes de ceux qui sont cens\u00e9s d\u00e9montrer les responsabilit\u00e9s de l&rsquo;accus\u00e9 dans le crime. Un homme venu pour la premi\u00e8re fois au tribunal confie : \u00ab\u00a0C&rsquo;est \u00e0 se demander si le co-procureur et l&rsquo;avocat travaillent pour la d\u00e9fense\u00a0\u00bb.<\/p>\n<p>Le co-procureur aura peut-\u00eatre estim\u00e9 \u00eatre ferme dans des commentaires du type\u00a0: \u00ab\u00a0Si on regarde ce qui s&rsquo;est pass\u00e9 \u00e0 Prey S\u00e2r et Choeung Ek, vous ne pouvez pas dire que c&rsquo;\u00e9tait sur ordre de vos sup\u00e9rieurs car votre engagement vis-\u00e0-vis de la politique criminelle du PCK \u00e9tait profond.\u00a0\u00bb Mais Duch atteste\u00a0: \u00ab\u00a0Oui je suis responsable de tous ces crimes\u00a0\u00bb comme il le fait depuis le d\u00e9but du proc\u00e8s, sans que les choses avancent sur le fond.<\/p>\n<p><strong> <\/strong><\/p>\n<p><strong>Le z\u00e9l\u00e9 intouchable<\/strong><\/p>\n<p>Alain Werner, comme en d\u00e9but de semaine, demande pourquoi Duch n&rsquo;a pas subi les foudres de sa hi\u00e9rarchie alors que son propre beau-fr\u00e8re a \u00e9t\u00e9 arr\u00eat\u00e9 puis ex\u00e9cut\u00e9 \u00e0 S21.<\/p>\n<p>\u00ab\u00a0Quelles que soient les purges, les d\u00e9portations, quelle que soit votre propre implication [&#8230;] rien ne vous arrivait jamais. Vous \u00e9tiez intouchable.\u00a0\u00bbIntouchable parce que Nuon Chea et Son Sen prot\u00e9geaient leur serviteur z\u00e9l\u00e9, sugg\u00e8re Alain Werner. Duch accepte l&rsquo;hypoth\u00e8se ainsi formul\u00e9e, il remercie m\u00eame l&rsquo;avocat par trois fois. \u00ab\u00a0J&rsquo;ai surv\u00e9cu gr\u00e2ce \u00e0 tous ces facteurs. \u00c7a c&rsquo;est la r\u00e9alit\u00e9. Toutefois j&rsquo;\u00e9tais absolument loyal, absolument honn\u00eate vis-\u00e0-vis de ces personnes\u00a0\u00bb, insiste Duch avant de glisser qu&rsquo;il \u00e9tait lui aussi surveill\u00e9 et que quand m\u00eame ses sup\u00e9rieurs se m\u00e9fiaient de lui. Dommage qu&rsquo;Alain Werner n&rsquo;ait pas demand\u00e9 qui a donn\u00e9 l&rsquo;ordre d&rsquo;ex\u00e9cuter le beau-fr\u00e8re de Duch et pour quelle raison cet homme se trouvait \u00e0 S21.<\/p>\n<p><br class=\"spacer_\" \/><\/p>\n<p><strong>Les \u00ab\u00a0composants\u00a0\u00bb n&rsquo;\u00e9taient pas strictement des ennemis<\/strong><\/p>\n<p><br class=\"spacer_\" \/><\/p>\n<p><br class=\"spacer_\" \/><\/p>\n<figure id=\"attachment_497\" aria-describedby=\"caption-attachment-497\" style=\"width: 400px\" class=\"wp-caption alignright\"><img loading=\"lazy\" class=\"size-full wp-image-497 \" title=\"25-06-09-duch-au-repas-de-mariage\" src=\"http:\/\/proceskhmersrouges.net\/wp-content\/uploads\/2009\/06\/25-06-09-duch-au-repas-de-mariage.jpg\" alt=\"Duch arrivant \u00e0 un repas de mariage. Cette photo a \u00e9t\u00e9 pr\u00e9sent\u00e9e par les co-procureurs lundi 22 juin 2009 au tribunal. Dans le livre r\u00e9alis\u00e9 par le DC-Cam sur l'histoire du Kampuch\u00e9a d\u00e9mocratique, cette image est l\u00e9gend\u00e9e : &quot;Personnel de Tuol Sleng mangeant en communaut\u00e9&quot;. (Tuol Sleng Genocide Museum Archives) \" width=\"400\" height=\"225\" srcset=\"https:\/\/proceskhmersrouges.net\/wp-content\/uploads\/2009\/06\/25-06-09-duch-au-repas-de-mariage.jpg 400w, https:\/\/proceskhmersrouges.net\/wp-content\/uploads\/2009\/06\/25-06-09-duch-au-repas-de-mariage-300x168.jpg 300w\" sizes=\"(max-width: 400px) 100vw, 400px\" \/><figcaption id=\"caption-attachment-497\" class=\"wp-caption-text\">Duch arrivant \u00e0 un repas de mariage. Cette photo a \u00e9t\u00e9 pr\u00e9sent\u00e9e par les co-procureurs lundi 22 juin 2009 au tribunal. Dans le livre r\u00e9alis\u00e9 par le DC-Cam sur l&#39;histoire du Kampuch\u00e9a d\u00e9mocratique, cette image est l\u00e9gend\u00e9e : &quot;Personnel de Tuol Sleng mangeant en communaut\u00e9&quot;. Or il ne s&#39;agit pas d&#39;un repas habituel. (Tuol Sleng Genocide Museum Archives) <\/figcaption><\/figure>\n<p><br class=\"spacer_\" \/><\/p>\n<p><br class=\"spacer_\" \/><\/p>\n<p>D&rsquo;apr\u00e8s Duch, les Khmers rouges n&rsquo;accolaient pas un <em>A&rsquo;<\/em> marquant, en khmer, le m\u00e9pris quand ils s&rsquo;adressaient\u00a0aux \u00ab\u00a0composants\u00a0\u00bb. Il les distingue des ennemis purs. Les \u00ab\u00a0composants\u00a0\u00bb r\u00e9p\u00e8te-t-il sont \u00ab\u00a0mi-amis mi-ennemis\u00a0\u00bb cependant il est d&rsquo;accord que l&#8217;emploi de ce terme facilitait le travail du bourreau qui le maltraitait. Apr\u00e8s cette courte parenth\u00e8se sur le langage, l&rsquo;avocate du groupe 2 des parties civiles Silke Studzinsky s&#8217;embourbe dans des questions g\u00e9n\u00e9rales sur le mariage collectif. Le pr\u00e9sident intervient rapidement : \u00ab\u00a0Ma\u00eetre, vous semblez poser une question qui ne porte pas sur les faits.\u00a0\u00bb Il la d\u00e9boute. Elle demande alors si la photo (pr\u00e9sent\u00e9e lundi 22 juin)\u00a0de Duch au repas du mariage de Huy Sra\u00e9 et Khoeun \u00e9tait la photo d&rsquo;un mariage collectif. Duch a \u00e0 peine le temps de r\u00e9pondre\u00a0par la n\u00e9gative\u00a0que le pr\u00e9sident l&rsquo;interrompt pour de nouveau demander \u00e0 l&rsquo;avocate allemande de poser des questions sur les faits. Insistante, elle justifie qu&rsquo;elle s&rsquo;int\u00e9resse aux conditions de vie du personnel de S24 et \u00e0 la mani\u00e8re dont l&rsquo;Angkar r\u00e9gentait la vie priv\u00e9e des gens. Elle conclut en demandant \u00e0 l&rsquo;accus\u00e9 pourquoi S24 \u00e9tait n\u00e9cessaire si tous ceux qui y vivaient \u00e9taient destin\u00e9s \u00e0 l&rsquo;ex\u00e9cution. \u00ab\u00a0C&rsquo;\u00e9tait une d\u00e9cision du parti. Il fallait les garder un certain temps dans l&rsquo;attente d&rsquo;une d\u00e9cision finale.\u00a0\u00bb<\/p>\n<p><br class=\"spacer_\" \/><\/p>\n<p><strong>Une esquisse plus complexe de Prey S\u00e2r<\/strong><\/p>\n<p>L&rsquo;avocat du groupe 4 des parties civiles, Hong Kim Suon, concentre quelques questions sur le centre de Bakou, qui appartenait \u00e0 la division 703, division d&rsquo;o\u00f9 venaient nombre de membres du personnel de S21. En 1978, Duch demande \u00e0 int\u00e9grer Bakou \u00e0 S21. Ceux qui y logent sont\u00a0les membres du personnel de S24, pas du tout des d\u00e9tenus. Malheureusement, Hong Kim Suon ne creuse pas cette piste qui aurait peut-\u00eatre permis de mieux cerner ce qu&rsquo;\u00e9tait S24.<\/p>\n<p>Peu avant lui, le co-procureur cambodgien a aussi entam\u00e9 ce chemin en demandant \u00e0 Duch la diff\u00e9rence entre S24 et une coop\u00e9rative. L&rsquo;accus\u00e9 lui a r\u00e9pondu\u00a0que les coop\u00e9ratives \u00e9taient organis\u00e9es sur la base de l&rsquo;origine de classe tandis qu&rsquo;\u00e0 S24 \u00e9taient regroup\u00e9s des gens (la plupart venus du PCK) qui avaient commis des infractions. Au rang des infractions les plus graves\u00a0: la r\u00e9volte et l&rsquo;\u00e9vasion. Tout ce monde travaillait aux rizi\u00e8res, ce qui\u00a0correspond \u00e0\u00a0la mani\u00e8re dont David Chandler qualifie Prey S\u00e2r dans <em>S21 ou le crime impuni des Khmers rouges<\/em> : une \u00ab\u00a0ferme-prison\u00a0\u00bb.<\/p>\n<p><br class=\"spacer_\" \/><\/p>\n<p><strong>Certains membres du personnel de S21 form\u00e9s \u00e0 S24<\/strong><\/p>\n<p>En se focalisant sur le sort des \u00ab\u00a0d\u00e9tenus\u00a0\u00bb de S24 (envoy\u00e9s \u00e0 Choeung Ek ou Phnom Penh pour y \u00eatre ex\u00e9cut\u00e9s), sur les transferts de membres du personnel de S21 \u00e0 S24, l&rsquo;accusation comme les parties civiles occultent un autre aspect de Prey S\u00e2r\u00a0: celui d&rsquo;un lieu o\u00f9 le personnel de S21 \u00e9tait \u00e9galement form\u00e9, \u00e0 la dure. Khoeun, par exemple, la femme de Huy Sra\u00e9, rencontr\u00e9e \u00e0 S24, est ensuite devenue interrogatrice \u00e0 S21. Jusqu&rsquo;\u00e0 ce qu&rsquo;ils soient tous deux purg\u00e9s. Certains gardes de S21 ont \u00e9t\u00e9 recrut\u00e9s \u00e0 S24. Dans <em>S21 ou le crime impuni des Khmers rouges<\/em>, David Chandler mentionne que Him Huy, militaire de la division 703 qui a pris du galon dans la hi\u00e9rarchie de S21, et Nhem En, photographe de S21, ont \u00ab\u00a0purg\u00e9 de courtes peines\u00a0\u00bb \u00e0 Prey S\u00e2r avant de retourner \u00e0 Phnom Penh. Par le travail et la discipline, par l&rsquo;application d&rsquo;un r\u00e9gime s\u00e9v\u00e8re aux d\u00e9tenus qui \u00e9taient conduits \u00e0 la mort \u00e0 la moindre faute, S24 r\u00e9unissait les conditions id\u00e9ales pour former le personnel de S21. La piste m\u00e9riterait d&rsquo;\u00eatre creus\u00e9e.<\/p>\n<p><br class=\"spacer_\" \/><\/p>\n<p><strong>Kar Savuth garde le cap<\/strong><\/p>\n<p>Kar Savuth, avocat de la D\u00e9fense, a construit ses questions autour de la n\u00e9cessit\u00e9 d&rsquo;avoir une autorisation pour se d\u00e9placer dans le pays, autour de la difficult\u00e9 de s&rsquo;\u00e9vader, autour de l&rsquo;id\u00e9al communiste de l&rsquo;accus\u00e9, autour de la politique d&rsquo;un Etat pour lequel l&rsquo;accus\u00e9 travaillait en tant que policier. \u00ab\u00a0D&rsquo;un point de vue du droit, quand nous nous sommes retrouv\u00e9s au tribunal, j&rsquo;aurais pu bl\u00e2mer le gouvernement parce que\u00a0j&rsquo;\u00e9tais policier. Maintenant, je m&rsquo;incline devant le peuple cambodgien. Telle est mon attitude\u00a0\u00bb d\u00e9clare Duch.<\/p>\n<p>L&rsquo;accus\u00e9 maintient que les lib\u00e9rations furent exceptionnelles, il estime que les mots \u00ab\u00a0\u00e0 lib\u00e9rer\u00a0\u00bb \u00e9crits par son sup\u00e9rieur In Nat sur les documents n&rsquo;\u00e9taient qu&rsquo;une ruse, une tromperie. Epluchant diff\u00e9rents documents dont il donne scrupuleusement les cotes, l&rsquo;ancien directeur de S21 assure qu&rsquo;il n&rsquo;a jamais re\u00e7u certaines informations sur les \u00e9vasions. \u00ab\u00a0C&rsquo;est une strat\u00e9gie pour dissimuler le fait que ces personnes ont \u00e9t\u00e9 emmen\u00e9es et \u00e9limin\u00e9es.\u00a0\u00bb Kar Savuth insiste habilement\u00a0: \u00ab\u00a0Pourquoi avoir inscrit &lsquo;lib\u00e9r\u00e9&rsquo;, &lsquo;\u00e9chapp\u00e9&rsquo;, &lsquo;fuite&rsquo; plut\u00f4t que tu\u00e9\u00a0?\u00a0\u00bb Sortant la t\u00eate de ses documents, Duch\u00a0r\u00e9sume\u00a0: \u00ab\u00a0C&rsquo;est une ruse de Nat de ce que je comprends. En tout cas ces documents mentent. Ce n&rsquo;est pas vrai qu&rsquo;ils ont \u00e9t\u00e9 lib\u00e9r\u00e9s.\u00a0\u00bb<\/p>\n<p><br class=\"spacer_\" \/><\/p>\n<p><strong>Duch se pose en expert historien sur son propre crime<\/strong><\/p>\n<p>Au cours de ces audiences, Duch se comporte parfois comme un expert. Il enfile ses lunettes, fouille ses documents, l\u00e2che des r\u00e9f\u00e9rences apprises par c\u0153ur, renvoie les parties \u00e0 ce qu&rsquo;elles pourront trouver comme traces \u00e9crites. Il continue \u00e0 s&rsquo;imposer comme expert en chef sur les Khmers rouges et S21. Apr\u00e8s avoir compar\u00e9 de rares documents statistiques sur S24, il propose en fin d&rsquo;audience, jeudi 25 juin, de croiser les statistiques, de chercher de nouveaux documents\u00a0: \u00ab\u00a0Il faudrait faire des recherches pour \u00e9claircir le nombre de victimes [\u00e0 S24], travailler ensemble pour d\u00e9gager la v\u00e9rit\u00e9.\u00a0\u00bb<\/p>\n","protected":false},"excerpt":{"rendered":"<p>Sur S24, les co-procureurs et les parties civiles ont plus fait confirmer \u00e0 Duch ses propos de la veille qu\u2019obtenu des d\u00e9clarations substantielles. Une dimension de S24 a peut-\u00eatre \u00e9t\u00e9 pass\u00e9e sous silence : celle d\u2019une prison sans murs o\u00f9 \u00e9taient aussi \u00ab forg\u00e9s \u00bb certains membres du personnel de S21. <\/p>\n","protected":false},"author":1,"featured_media":496,"comment_status":"open","ping_status":"open","sticky":false,"template":"","format":"standard","meta":[],"categories":[17],"tags":[],"_links":{"self":[{"href":"https:\/\/proceskhmersrouges.net\/index.php?rest_route=\/wp\/v2\/posts\/495"}],"collection":[{"href":"https:\/\/proceskhmersrouges.net\/index.php?rest_route=\/wp\/v2\/posts"}],"about":[{"href":"https:\/\/proceskhmersrouges.net\/index.php?rest_route=\/wp\/v2\/types\/post"}],"author":[{"embeddable":true,"href":"https:\/\/proceskhmersrouges.net\/index.php?rest_route=\/wp\/v2\/users\/1"}],"replies":[{"embeddable":true,"href":"https:\/\/proceskhmersrouges.net\/index.php?rest_route=%2Fwp%2Fv2%2Fcomments&post=495"}],"version-history":[{"count":6,"href":"https:\/\/proceskhmersrouges.net\/index.php?rest_route=\/wp\/v2\/posts\/495\/revisions"}],"predecessor-version":[{"id":1157,"href":"https:\/\/proceskhmersrouges.net\/index.php?rest_route=\/wp\/v2\/posts\/495\/revisions\/1157"}],"wp:featuredmedia":[{"embeddable":true,"href":"https:\/\/proceskhmersrouges.net\/index.php?rest_route=\/wp\/v2\/media\/496"}],"wp:attachment":[{"href":"https:\/\/proceskhmersrouges.net\/index.php?rest_route=%2Fwp%2Fv2%2Fmedia&parent=495"}],"wp:term":[{"taxonomy":"category","embeddable":true,"href":"https:\/\/proceskhmersrouges.net\/index.php?rest_route=%2Fwp%2Fv2%2Fcategories&post=495"},{"taxonomy":"post_tag","embeddable":true,"href":"https:\/\/proceskhmersrouges.net\/index.php?rest_route=%2Fwp%2Fv2%2Ftags&post=495"}],"curies":[{"name":"wp","href":"https:\/\/api.w.org\/{rel}","templated":true}]}}