{"id":499,"date":"2009-06-25T20:32:27","date_gmt":"2009-06-25T13:32:27","guid":{"rendered":"http:\/\/proceskhmersrouges.net\/?p=499"},"modified":"2009-06-26T20:34:27","modified_gmt":"2009-06-26T13:34:27","slug":"fuir-%c2%ab-la-question-etait-de-savoir-ou-on-pouvait-se-cacher-%c2%bb","status":"publish","type":"post","link":"https:\/\/proceskhmersrouges.net\/?p=499","title":{"rendered":"Fuir ? \u00ab La question \u00e9tait de savoir o\u00f9 on pouvait se cacher \u00bb"},"content":{"rendered":"<p>L&rsquo;avocat de la D\u00e9fense Kar Savuth demande \u00e0 son client jeudi 25 juin 2009 s&rsquo;il \u00e9tait facile de s&rsquo;\u00e9vader apr\u00e8s que ce-dernier ait dit qu&rsquo;il fallait des autorisations pour se d\u00e9placer dans le pays et qu&rsquo;elles \u00e9taient donn\u00e9es dans tr\u00e8s peu de cas.<\/p>\n<p>Sur la possibilit\u00e9 de fuir, Duch assure qu&rsquo;il \u00e9tait tr\u00e8s difficile de se cacher dans le Kampuch\u00e9a d\u00e9mocratique et de prendre le maquis sans nourriture. \u00ab\u00a0La question \u00e9tait de savoir o\u00f9 on pouvait se cacher\u00a0\u00bb, ajoute-t-il . \u00ab\u00a0Si j&rsquo;avais essay\u00e9 de m&rsquo;\u00e9vader, quelqu&rsquo;un aurait averti mes sup\u00e9rieurs. Je ne pouvais pas m&rsquo;\u00e9chapper.\u00a0\u00bb<\/p>\n<p><br class=\"spacer_\" \/><\/p>\n","protected":false},"excerpt":{"rendered":"<p>Duch<\/p>\n","protected":false},"author":1,"featured_media":0,"comment_status":"open","ping_status":"open","sticky":false,"template":"","format":"standard","meta":[],"categories":[6],"tags":[],"_links":{"self":[{"href":"https:\/\/proceskhmersrouges.net\/index.php?rest_route=\/wp\/v2\/posts\/499"}],"collection":[{"href":"https:\/\/proceskhmersrouges.net\/index.php?rest_route=\/wp\/v2\/posts"}],"about":[{"href":"https:\/\/proceskhmersrouges.net\/index.php?rest_route=\/wp\/v2\/types\/post"}],"author":[{"embeddable":true,"href":"https:\/\/proceskhmersrouges.net\/index.php?rest_route=\/wp\/v2\/users\/1"}],"replies":[{"embeddable":true,"href":"https:\/\/proceskhmersrouges.net\/index.php?rest_route=%2Fwp%2Fv2%2Fcomments&post=499"}],"version-history":[{"count":1,"href":"https:\/\/proceskhmersrouges.net\/index.php?rest_route=\/wp\/v2\/posts\/499\/revisions"}],"predecessor-version":[{"id":500,"href":"https:\/\/proceskhmersrouges.net\/index.php?rest_route=\/wp\/v2\/posts\/499\/revisions\/500"}],"wp:attachment":[{"href":"https:\/\/proceskhmersrouges.net\/index.php?rest_route=%2Fwp%2Fv2%2Fmedia&parent=499"}],"wp:term":[{"taxonomy":"category","embeddable":true,"href":"https:\/\/proceskhmersrouges.net\/index.php?rest_route=%2Fwp%2Fv2%2Fcategories&post=499"},{"taxonomy":"post_tag","embeddable":true,"href":"https:\/\/proceskhmersrouges.net\/index.php?rest_route=%2Fwp%2Fv2%2Ftags&post=499"}],"curies":[{"name":"wp","href":"https:\/\/api.w.org\/{rel}","templated":true}]}}