{"id":508,"date":"2009-06-29T07:18:54","date_gmt":"2009-06-29T00:18:54","guid":{"rendered":"http:\/\/proceskhmersrouges.net\/?p=508"},"modified":"2009-06-30T08:34:59","modified_gmt":"2009-06-30T01:34:59","slug":"%c2%ab-ce-n%e2%80%99est-pas-une-question-purement-personnelle-c%e2%80%99est-quelque-chose-qui-interesse-tout-le-peuple-cambodgien-par-consequent-je-ne-voulais-pas-devenir-partie-civile-%c2%bb","status":"publish","type":"post","link":"https:\/\/proceskhmersrouges.net\/?p=508","title":{"rendered":"\u00ab Ce n\u2019est pas une question purement personnelle. C\u2019est quelque chose qui int\u00e9resse tout le peuple cambodgien, par cons\u00e9quent je ne voulais pas devenir partie civile \u00bb"},"content":{"rendered":"<p>\u00ab\u00a0Pourquoi vous n&rsquo;avez pas souhait\u00e9 vous constituer partie civile\u00a0?\u00a0\u00bb C&rsquo;est l&rsquo;avocate de Duch qui pose la question, lundi 29 juin 2009, \u00e0 Vann Nath, 63\u00a0ans, lors de la premi\u00e8re audience d&rsquo;un survivant de S21.<\/p>\n<p>\u00ab\u00a0Ma\u00eetre les gens ont des objectifs diff\u00e9rents. Moi, mon but premier c&rsquo;est de m&rsquo;occuper de ma sant\u00e9\u00a0\u00bb, explique Vann Nath qui a de graves probl\u00e8mes de reins. \u00ab\u00a0Je craignais \u00a0de ne pas pouvoir assister de fa\u00e7on r\u00e9guli\u00e8re au proc\u00e8s.\u00a0\u00bb<\/p>\n<p>\u00ab\u00a0Deuxi\u00e8mement, je crois que ce n&rsquo;est pas une question purement personnelle. C&rsquo;est quelque chose qui int\u00e9resse tout le peuple cambodgien et je ne voulais par cons\u00e9quent pas devenir partie civile. Je ne pensais pas que je pourrais venir de fa\u00e7on r\u00e9guli\u00e8re au tribunal. Par contre si la chambre souhaite m&rsquo;entendre comme t\u00e9moin, oui je suis tout dispos\u00e9 \u00e0 t\u00e9moigner. [&#8230;]<\/p>\n<p>En g\u00e9n\u00e9ral, les gens qui se portent plaignants demandent r\u00e9paration or pour ma part, je ne demande aucune r\u00e9paration. Par contre si on a besoin de moi je suis tout \u00e0 fait dispos\u00e9 \u00e0 venir t\u00e9moigner.\u00a0\u00bb<\/p>\n","protected":false},"excerpt":{"rendered":"<p>Vann Nath<\/p>\n","protected":false},"author":1,"featured_media":0,"comment_status":"open","ping_status":"open","sticky":false,"template":"","format":"standard","meta":[],"categories":[6],"tags":[],"_links":{"self":[{"href":"https:\/\/proceskhmersrouges.net\/index.php?rest_route=\/wp\/v2\/posts\/508"}],"collection":[{"href":"https:\/\/proceskhmersrouges.net\/index.php?rest_route=\/wp\/v2\/posts"}],"about":[{"href":"https:\/\/proceskhmersrouges.net\/index.php?rest_route=\/wp\/v2\/types\/post"}],"author":[{"embeddable":true,"href":"https:\/\/proceskhmersrouges.net\/index.php?rest_route=\/wp\/v2\/users\/1"}],"replies":[{"embeddable":true,"href":"https:\/\/proceskhmersrouges.net\/index.php?rest_route=%2Fwp%2Fv2%2Fcomments&post=508"}],"version-history":[{"count":3,"href":"https:\/\/proceskhmersrouges.net\/index.php?rest_route=\/wp\/v2\/posts\/508\/revisions"}],"predecessor-version":[{"id":510,"href":"https:\/\/proceskhmersrouges.net\/index.php?rest_route=\/wp\/v2\/posts\/508\/revisions\/510"}],"wp:attachment":[{"href":"https:\/\/proceskhmersrouges.net\/index.php?rest_route=%2Fwp%2Fv2%2Fmedia&parent=508"}],"wp:term":[{"taxonomy":"category","embeddable":true,"href":"https:\/\/proceskhmersrouges.net\/index.php?rest_route=%2Fwp%2Fv2%2Fcategories&post=508"},{"taxonomy":"post_tag","embeddable":true,"href":"https:\/\/proceskhmersrouges.net\/index.php?rest_route=%2Fwp%2Fv2%2Ftags&post=508"}],"curies":[{"name":"wp","href":"https:\/\/api.w.org\/{rel}","templated":true}]}}