{"id":535,"date":"2009-06-30T21:57:35","date_gmt":"2009-06-30T14:57:35","guid":{"rendered":"http:\/\/proceskhmersrouges.net\/?p=535"},"modified":"2009-07-04T10:19:03","modified_gmt":"2009-07-04T03:19:03","slug":"%c2%ab-de-vieilles-dames-sans-dents-des-nourrissons-en-quoi-etaient-ils-aussi-des-agents-du-kgb-et-de-la-cia-je-voudrais-qu%e2%80%99on-m%e2%80%99explique-pourquoi-au-plus-profond-de-moi-je-sui","status":"publish","type":"post","link":"https:\/\/proceskhmersrouges.net\/?p=535","title":{"rendered":"\u00ab Des vieilles dames sans dents, des nourrissons&#8230; En quoi \u00e9taient-ils aussi des agents du KGB et de la CIA ? Je voudrais qu\u2019on m\u2019explique pourquoi. Au plus profond de moi, je suis convaincu que c\u2019est \u00e7a l\u2019intention g\u00e9nocidaire \u00bb"},"content":{"rendered":"<p>A la juge Silvia Cartwright, Chum Mey explique qu&rsquo;il a \u00e9t\u00e9 accus\u00e9 d&rsquo;\u00eatre un agent au service de la CIA et du KGB. \u00ab\u00a0Encore aujourd&rsquo;hui je me demande pourquoi j&rsquo;ai \u00e9t\u00e9 accus\u00e9 d&rsquo;\u00eatre un agent de la CIA et du KGB.\u00a0\u00bb Les premiers \u00e0 avoir prononc\u00e9 cette accusation sont ceux qui ont arr\u00eat\u00e9s le t\u00e9moin. A ce jour, Chum Mey n&rsquo;a re\u00e7u aucune explication satisfaisante. \u00ab\u00a0Mon enfant de deux mois a \u00e9t\u00e9 emmen\u00e9 pour \u00eatre ex\u00e9cut\u00e9.\u00a0[&#8230;]\u00a0Des vieilles dames sans dents, des nourrissons, en quoi \u00e9taient-ils aussi des agents du KGB et de la CIA\u00a0? Je voudrais qu&rsquo;on m&rsquo;explique pourquoi. Au plus profond de moi, je suis convaincu que c&rsquo;est \u00e7a l&rsquo;intention g\u00e9nocidaire.\u00a0\u00bb<\/p>\n<p><br class=\"spacer_\" \/><\/p>\n<p>Cette phrase essentielle de Chum Mey n&rsquo;a \u00e9t\u00e9 traduite ni en anglais ni en fran\u00e7ais. Que le tribunal passe \u00e0 c\u00f4t\u00e9 de d\u00e9clarations si substantielles est dramatique.<\/p>\n<p><br class=\"spacer_\" \/><\/p>\n<p>Apr\u00e8s quoi Chum Mey murmure la mort dans l&rsquo;\u00e2me qu&rsquo;il a connu son fils (\u00e2g\u00e9 de deux mois et ex\u00e9cut\u00e9 avec sa femme par des soldats khmers rouges) l&rsquo;espace d&rsquo;une journ\u00e9e, \u00ab\u00a0de 7 heures \u00e0 minuit\u00a0\u00bb. Il les avait rencontr\u00e9s tous les deux par hasard en chemin en fuyant Phnom Penh et l&rsquo;avanc\u00e9e des troupes vietnamiennes.<\/p>\n","protected":false},"excerpt":{"rendered":"<p>Chum Mey<\/p>\n","protected":false},"author":1,"featured_media":0,"comment_status":"open","ping_status":"open","sticky":false,"template":"","format":"standard","meta":[],"categories":[6],"tags":[],"_links":{"self":[{"href":"https:\/\/proceskhmersrouges.net\/index.php?rest_route=\/wp\/v2\/posts\/535"}],"collection":[{"href":"https:\/\/proceskhmersrouges.net\/index.php?rest_route=\/wp\/v2\/posts"}],"about":[{"href":"https:\/\/proceskhmersrouges.net\/index.php?rest_route=\/wp\/v2\/types\/post"}],"author":[{"embeddable":true,"href":"https:\/\/proceskhmersrouges.net\/index.php?rest_route=\/wp\/v2\/users\/1"}],"replies":[{"embeddable":true,"href":"https:\/\/proceskhmersrouges.net\/index.php?rest_route=%2Fwp%2Fv2%2Fcomments&post=535"}],"version-history":[{"count":2,"href":"https:\/\/proceskhmersrouges.net\/index.php?rest_route=\/wp\/v2\/posts\/535\/revisions"}],"predecessor-version":[{"id":578,"href":"https:\/\/proceskhmersrouges.net\/index.php?rest_route=\/wp\/v2\/posts\/535\/revisions\/578"}],"wp:attachment":[{"href":"https:\/\/proceskhmersrouges.net\/index.php?rest_route=%2Fwp%2Fv2%2Fmedia&parent=535"}],"wp:term":[{"taxonomy":"category","embeddable":true,"href":"https:\/\/proceskhmersrouges.net\/index.php?rest_route=%2Fwp%2Fv2%2Fcategories&post=535"},{"taxonomy":"post_tag","embeddable":true,"href":"https:\/\/proceskhmersrouges.net\/index.php?rest_route=%2Fwp%2Fv2%2Ftags&post=535"}],"curies":[{"name":"wp","href":"https:\/\/api.w.org\/{rel}","templated":true}]}}