{"id":537,"date":"2009-06-30T19:10:47","date_gmt":"2009-06-30T12:10:47","guid":{"rendered":"http:\/\/proceskhmersrouges.net\/?p=537"},"modified":"2010-12-02T00:37:35","modified_gmt":"2010-12-01T17:37:35","slug":"un-%c2%ab-proces-paris-match-%c2%bb","status":"publish","type":"post","link":"https:\/\/proceskhmersrouges.net\/?p=537","title":{"rendered":"Un \u00ab proc\u00e8s Paris-Match \u00bb"},"content":{"rendered":"<p>En ce mardi 30 juin 2009, ils ont pr\u00e9sent\u00e9 une photographie d&rsquo;un d\u00e9tenu assis dans une cellule collective. Montrant cette photo, recadr\u00e9e pour l&rsquo;occasion, William Smith demande au t\u00e9moin si elle refl\u00e8te ses conditions de d\u00e9tention. Chum Mey r\u00e9pond confus\u00e9ment tant il est perturb\u00e9 de voir cet homme assis au milieu d&rsquo;autres d\u00e9tenus alors qu&rsquo;un prisonnier n&rsquo;avait jamais le droit de prendre une telle libert\u00e9 \u00e0 S21. Sur cette image coup\u00e9e, loin du format original, on voit \u00e0 peine le num\u00e9ro que porte le prisonnier. Pourquoi ne pas avoir respect\u00e9 l&rsquo;original de cette archive de S21\u00a0? Y a-t-il un probl\u00e8me technique qui d\u00e9forme l&rsquo;image comme cela s&rsquo;est d\u00e9j\u00e0 produit avec la photo d&rsquo;archive de Duch projet\u00e9e \u00e0 l&rsquo;\u00e9cran pendant une heure au d\u00e9but du mois de juin\u00a0? Devant une photographie non recadr\u00e9e Chum Mey aurait probablement mieux identifi\u00e9 le document et r\u00e9pondu de fa\u00e7on plus compl\u00e8te \u00e0 ce que William Smith lui demandait.<\/p>\n<p>Comme d&rsquo;habitude, les co-procureurs sourcent l&rsquo;image \u00e0 la va-vite et s&rsquo;abstiennent de donner un contexte. Par exemple, pourquoi cette photo d&rsquo;identit\u00e9 d&rsquo;un prisonnier de S21 a-t-elle \u00e9t\u00e9 prise dans une cellule collective\u00a0? En fait, quand beaucoup de d\u00e9tenus arrivaient \u00e0 S21 en m\u00eame temps ou quand ils entraient trop tard (en pleine\u00a0nuit), les photographes r\u00e9alisaient les photos d&rsquo;identit\u00e9 \u00e0 un autre moment, par exemple le lendemain de leur arriv\u00e9e.<\/p>\n<p>Deuxi\u00e8me erreur du jour\u00a0: la projection d&rsquo;un extrait de film en noir et blanc dans lequel un homme habill\u00e9 en gardien khmer rouge marche parmi des d\u00e9tenus allong\u00e9s sur le sol, align\u00e9s, entrav\u00e9s par les pieds. D&#8217;embl\u00e9e, ces prisonniers semblent trop peu maigres pour \u00eatre de vrais d\u00e9tenus de Tuol Sleng. Le r\u00e9alisateur du documentaire<em> S21 la machine de mort khm\u00e8re rouge<\/em>, Rithy Panh, bondit sur son si\u00e8ge\u00a0: \u00ab\u00a0Qu&rsquo;est-ce que c&rsquo;est que ce film\u00a0! On ne peut pas montrer une fiction, et aussi m\u00e9diocre, au tribunal\u00a0!\u00a0\u00bb Il quitte la salle. Une fois son calme retrouv\u00e9, il confie\u00a0: \u00ab\u00a0Comment ce tribunal peut-il pr\u00e9tendre \u00e0 la p\u00e9dagogie avec un tel manquement \u00e0 l&rsquo;\u00e9thique\u00a0?\u00a0\u00bb<\/p>\n<p>De fait, apr\u00e8s la projection de cette tr\u00e8s courte s\u00e9quence (de la seconde 35 \u00e0 la seconde 59!), William Smith annonce qu&rsquo;il ne s&rsquo;agit pas d&rsquo;image datant de 1978 mais d&rsquo;une \u00ab\u00a0reconstitution sur la base de t\u00e9moignages connus\u00a0\u00bb. Autant dire une fiction. Imaginons. Et pourquoi pas une sous-<em>Liste de Schindler<\/em> au tribunal de Nuremberg pour montrer comment \u00e9taient trait\u00e9s les juifs\u00a0? A quoi sert ce film\u00a0? Est-ce qu&rsquo;on comprend mieux parce qu&rsquo;on voit\u00a0? Et pourquoi pas un bon petit film d&rsquo;horreur avec une s\u00e9quence arrachage d&rsquo;ongles pour \u00eatre mieux inform\u00e9 sur cette m\u00e9thode de torture\u00a0?<\/p>\n<p>Les co-procureurs manipulent l&rsquo;audience en ne contextualisant pas les images montr\u00e9es. Ils utilisent des \u00e9l\u00e9ments qui n&rsquo;ont pas la moindre valeur juridique de preuve et qui n&rsquo;apportent strictement rien au proc\u00e8s. Ces images n&rsquo;ont aucune l\u00e9gitimit\u00e9 dans ce pr\u00e9toire. Elles ont aussi un effet pervers\u00a0: elles d\u00e9valorisent le t\u00e9moignage des survivants.<\/p>\n<p>Cerise sur le g\u00e2teau\u00a0: les co-procureurs osent pr\u00e9senter\u00a0une photographie de Chum Mey, assis dans sa cellule, comme au temps du r\u00e9gime du Kampuch\u00e9a d\u00e9mocratique. Il est cadr\u00e9 en vue plongeante avec au premier plan un uniforme policier qui fait r\u00e9f\u00e9rence \u00e0 la reconstitution de f\u00e9vrier 2008. L&rsquo;hebdomadaire <em>Paris-Match<\/em> avait r\u00e9alis\u00e9 un reportage sur Bou Meng, autre survivant de S21, en s&rsquo;y prenant de la m\u00eame mani\u00e8re, en lui demandant de r\u00e9int\u00e9grer son ancienne cellule, en sachant qu&rsquo;il s&rsquo;effondrerait en larmes dedans et en photographiant l&rsquo;\u00e9motion ressurgie.<\/p>\n<p>Les co-procureurs m\u00e8nent un \u00ab\u00a0proc\u00e8s-Paris Match\u00a0\u00bb mais ils n&rsquo;assurent ni le poids des mots ni le choc des photos.<\/p>\n<p>Et personne ne proteste.<\/p>\n","protected":false},"excerpt":{"rendered":"<p>Le bureau des co-procureurs, qui a bien du mal \u00e0 mener l\u2019accusation, s\u2019est lanc\u00e9 dans une nouvelle d\u00e9monstration en images. A force de ne pas se poser de questions d\u2019\u00e9thique ni m\u00eame de principe, les co-procureurs risquent bien de d\u00e9cr\u00e9dibiliser d\u00e9finitivement leur travail.<\/p>\n","protected":false},"author":1,"featured_media":0,"comment_status":"open","ping_status":"open","sticky":false,"template":"","format":"standard","meta":[],"categories":[17],"tags":[],"_links":{"self":[{"href":"https:\/\/proceskhmersrouges.net\/index.php?rest_route=\/wp\/v2\/posts\/537"}],"collection":[{"href":"https:\/\/proceskhmersrouges.net\/index.php?rest_route=\/wp\/v2\/posts"}],"about":[{"href":"https:\/\/proceskhmersrouges.net\/index.php?rest_route=\/wp\/v2\/types\/post"}],"author":[{"embeddable":true,"href":"https:\/\/proceskhmersrouges.net\/index.php?rest_route=\/wp\/v2\/users\/1"}],"replies":[{"embeddable":true,"href":"https:\/\/proceskhmersrouges.net\/index.php?rest_route=%2Fwp%2Fv2%2Fcomments&post=537"}],"version-history":[{"count":4,"href":"https:\/\/proceskhmersrouges.net\/index.php?rest_route=\/wp\/v2\/posts\/537\/revisions"}],"predecessor-version":[{"id":539,"href":"https:\/\/proceskhmersrouges.net\/index.php?rest_route=\/wp\/v2\/posts\/537\/revisions\/539"}],"wp:attachment":[{"href":"https:\/\/proceskhmersrouges.net\/index.php?rest_route=%2Fwp%2Fv2%2Fmedia&parent=537"}],"wp:term":[{"taxonomy":"category","embeddable":true,"href":"https:\/\/proceskhmersrouges.net\/index.php?rest_route=%2Fwp%2Fv2%2Fcategories&post=537"},{"taxonomy":"post_tag","embeddable":true,"href":"https:\/\/proceskhmersrouges.net\/index.php?rest_route=%2Fwp%2Fv2%2Ftags&post=537"}],"curies":[{"name":"wp","href":"https:\/\/api.w.org\/{rel}","templated":true}]}}