{"id":541,"date":"2009-06-30T08:05:46","date_gmt":"2009-06-30T01:05:46","guid":{"rendered":"http:\/\/proceskhmersrouges.net\/?p=541"},"modified":"2010-12-02T00:42:45","modified_gmt":"2010-12-01T17:42:45","slug":"premier-temoignage-sur-la-torture-a-s21","status":"publish","type":"post","link":"https:\/\/proceskhmersrouges.net\/?p=541","title":{"rendered":"Premier t\u00e9moignage sur la torture"},"content":{"rendered":"<p><br class=\"spacer_\" \/><\/p>\n<div><strong> <\/strong><\/div>\n<p><br class=\"spacer_\" \/><\/p>\n<p><br class=\"spacer_\" \/><\/p>\n<p><br class=\"spacer_\" \/><\/p>\n<p><br class=\"spacer_\" \/><\/p>\n<div><strong> <\/strong><\/div>\n<p><br class=\"spacer_\" \/><\/p>\n<p><strong> <\/strong><\/p>\n<p><br class=\"spacer_\" \/><\/p>\n<p><strong> <\/strong><\/p>\n<p><br class=\"spacer_\" \/><\/p>\n<p style=\"text-align: center;\"><strong> <\/strong><\/p>\n<p><br class=\"spacer_\" \/><\/p>\n<p><strong>Un r\u00e9parateur envoy\u00e9 \u00e0 S21<\/strong><\/p>\n<p>En avril 1975, lorsque les Khmers rouges prennent Phnom Penh, Chum Mey est expuls\u00e9\u00a0comme le reste de la population citadine. Il r\u00e9unit sa famille et plie bagage, direction Prek Pn\u0153u. L\u00e0-bas son fils de deux ans, malade, meurt. Son p\u00e8re l&rsquo;enterre, il en a aujourd&rsquo;hui encore la gorge serr\u00e9e.<\/p>\n<p>Quand l&rsquo;Angkar annonce qu&rsquo;elle cherche des m\u00e9caniciens, il se porte candidat, il est recrut\u00e9 et part pour Phnom Penh. L&rsquo;Angkar promet qu&rsquo;elle s&rsquo;occupera de sa famille. Chum Mey r\u00e9pare de tout\u00a0: barques, tracteurs, haut-parleurs avant de se retrouver \u00e0 r\u00e9parer des machines \u00e0 coudre, collect\u00e9es par les Khmers rouges pour fabriquer les fameux v\u00eatements noirs. De 1975 \u00e0 1977, il r\u00e9pare ces machines en voyant ses chefs remplac\u00e9s \u00e0 tour de r\u00f4le, jusqu&rsquo;au jour o\u00f9 il re\u00e7oit avec deux autres compagnons instruction d&rsquo;aller r\u00e9parer des v\u00e9hicules pour l&rsquo;Angkar. L&rsquo;ordre les conduit tous trois directement \u00e0 S21. \u00ab\u00a0Ils ont utilis\u00e9 notre krama pour nous bander les yeux\u00a0\u00bb, se souvient Chum Mey. Il prie les gardes de s&rsquo;occuper de sa famille, il prend des coups en \u00e9change et des insultes\u00a0: \u00ab\u00a0Connard\u00a0! L&rsquo;Angkar doit te d\u00e9truire\u00a0!\u00a0\u00bb \u00ab\u00a0Il n&rsquo;y avait pas de m\u00e9thode froide ou chaude comme le dit Duch, c&rsquo;\u00e9tait toujours la m\u00e9thode chaude\u00a0\u00bb d\u00e9nonce Chum Mey devant les juges.<\/p>\n<p>Le 28 octobre 1978, Chum Mey est incarc\u00e9r\u00e9 dans une cellule individuelle sans autre forme de proc\u00e8s. A 13 heures, les gardes viennent le chercher\u00a0: les yeux band\u00e9s, il est tir\u00e9 par l&rsquo;oreille jusqu&rsquo;\u00e0 une pi\u00e8ce o\u00f9 il s&rsquo;assied et o\u00f9 ses jambes sont entrav\u00e9es. Avec le recul, il pense avoir \u00e9t\u00e9 envoy\u00e9 dans cet enfer par la responsable de l&rsquo;unit\u00e9 des machines \u00e0 coudre, Van, et son adjoint, Lin.<\/p>\n<p><br class=\"spacer_\" \/><\/p>\n<p><strong>Premier t\u00e9moignage de torture<\/strong><\/p>\n<p>\u00ab\u00a0On m&rsquo;a dit de dire la v\u00e9rit\u00e9.\u00a0\u00bb La v\u00e9rit\u00e9 des interrogateurs de S21 consiste \u00e0 reconna\u00eetre que le prisonnier appartient \u00e0 la CIA ou au KGB. \u00ab\u00a0J&rsquo;ai joint les mains. Ils m&rsquo;ont dit de ne pas faire \u00e7a parce qu&rsquo;ils n&rsquo;\u00e9taient pas des moines.\u00a0Je les appelais &lsquo;lok&rsquo; [monsieur], je prenais cinquante coups. Je les appelais &lsquo;bang&rsquo; [grand fr\u00e8re], je recevais des centaines de coups !\u00a0Je ne savais pas comment les appeler.\u00a0\u00bb Le public compos\u00e9 d&rsquo;\u00e9tudiants rit en l&rsquo;entendant raconter son d\u00e9sarroi de d\u00e9tenu ne sachant pas en quels termes s&rsquo;adresser \u00e0 ses ge\u00f4liers. Mais le r\u00e9cit tourne vite au cauchemar.<\/p>\n<p>Pendant 12 jours et 12 nuits, Chum Mey est soumis \u00e0 la torture dans une pi\u00e8ce du b\u00e2timent sud de la prison. Entre deux s\u00e9ances de torture (7h-11h\u00a0; 13h-17h\u00a0; 19h-23h) il est ramen\u00e9 dans sa cellule du rez-de-chauss\u00e9e num\u00e9rot\u00e9e 22. Copieusement insult\u00e9 (\u00ab\u00a0A&rsquo;ceci, A&rsquo;cela\u00a0\u00bb, soit \u00ab\u00a0m\u00e9prisable ceci, m\u00e9prisable cela\u00a0\u00bb), il subit diff\u00e9rentes techniques de torture dont la plus courante est le passage \u00e0 tabac. \u00ab\u00a0Il y avait des cannes de bambou, des cannes en rotin, des branches tress\u00e9es, se souvient le t\u00e9moin. J&rsquo;\u00e9tais battu avec une canne de l&rsquo;\u00e9paisseur d&rsquo;un pouce et quand la canne cassait, ils en prenaient une autre.\u00a0\u00bb<\/p>\n<p>Le bourreau est toujours seul \u00e0 s&rsquo;occuper de Chum Mey, \u00e9tendu sur le sol face contre terre, mais ils sont plusieurs \u00e0 se relayer. Leurs noms\u00a0: Seng, Thit et Hor (ce-dernier ne faisait que frapper et insulter\u00a0: \u00ab\u00a0Fils de pute\u00a0! Comment peux-tu encore cacher des informations\u00a0!\u00a0\u00bb). L&rsquo;interrogateur pose ses questions sur la CIA et le KGB, si le d\u00e9tenu parle d&rsquo;autre chose, il le frappe.\u00a0A la suite de quoi\u00a0il s&rsquo;assied devant une machine \u00e0 \u00e9crire pour taper les aveux extorqu\u00e9s par la force. Un jour, Chum Mey l\u00e8ve le bras pour se prot\u00e9ger d&rsquo;un coup. La canne casse son petit doigt qui n&rsquo;a jamais \u00e9t\u00e9 soign\u00e9 et en est rest\u00e9 d\u00e9form\u00e9.<\/p>\n<p>Apr\u00e8s dix jours, les interrogateurs passent \u00e0 la m\u00e9thode des d\u00e9charges \u00e9lectriques en branchant les fils sur le courant et\u00a0entre autres\u00a0dans l&rsquo;oreille de la victime.\u00a0 \u00ab\u00a0Il y avait comme un son dans ma t\u00eate.\u00a0\u00bb Deux fois ils pratiquent cette torture, deux fois Chum Mey perd connaissance.<\/p>\n<p>Peu avant, les bourreaux avaient arrach\u00e9s les ongles de pied du t\u00e9moin. Les questions du pr\u00e9sident de la cour \u00e0 ce sujet furent insoutenables, autant que l&rsquo;absence de r\u00e9action dans le public.<\/p>\n<p><br class=\"spacer_\" \/><\/p>\n<p><strong>L&rsquo;insupportable sourire<\/strong><\/p>\n<p>Dialogue entre Nil Nonn\u00a0et Chum Mey sur cette torture abominable\u00a0:<\/p>\n<p>&#8211; Quand vous a-t-on arrach\u00e9 les ongles\u00a0? Quel jour\u00a0?<\/p>\n<p>&#8211; Je ne me souviens pas du jour exact mais je crois que c&rsquo;\u00e9tait \u00e0 peu pr\u00e8s une semaine apr\u00e8s que les interrogatoires aient commenc\u00e9.<\/p>\n<p>&#8211; Est-ce que vous pouvez nous d\u00e9crire plus en d\u00e9tail la mani\u00e8re dont on vous a arrach\u00e9 les ongles\u00a0?<\/p>\n<p>&#8211; Monsieur le pr\u00e9sident, les coups de canne c&rsquo;\u00e9tait tous les jours. [&#8230;] Mais comme je donnais toujours la m\u00eame r\u00e9ponse que je ne connaissais pas la CIA et le KGB, ils ont pris des pinces pour arracher mes ongles de pied.<\/p>\n<p>&#8211; Vos jambes \u00e9taient d\u00e9j\u00e0 entrav\u00e9es alors si je comprends bien ils ont pris une pince et vous ont arrach\u00e9 les ongles de pied. Et est-ce que l&rsquo;ongle est parti\u00a0?<\/p>\n<p>&#8211; Oui, l&rsquo;ongle a \u00e9t\u00e9 compl\u00e8tement arrach\u00e9. Ils ont tordu l&rsquo;ongle avec la pince et comme l&rsquo;ongle ne venait, ils ont tir\u00e9.<\/p>\n<p>&#8211; Vous voulez dire que l&rsquo;ongle tout entier a \u00e9t\u00e9 arrach\u00e9 ou seulement une partie de l&rsquo;ongle\u00a0?<\/p>\n<p>Le pr\u00e9sident sourit en posant cette question, d&rsquo;un sourire malsain, d\u00e9plac\u00e9.<\/p>\n<p>&#8211; L&rsquo;ongle tout entier a \u00e9t\u00e9 arrach\u00e9.<\/p>\n<p>&#8211; Il a repouss\u00e9\u00a0?<\/p>\n<p>&#8211; Oui l&rsquo;ongle a repouss\u00e9 mais il est d\u00e9form\u00e9.<\/p>\n<p>&#8211; Est-ce que vous pouvez nous montrer cet ongle qui est d\u00e9form\u00e9 ?<\/p>\n<p>Chum Mey se l\u00e8ve et s&rsquo;avance face au pr\u00e9sident. Il enl\u00e8ve ses sandales.<\/p>\n<p>&#8211; Les ongles ont \u00e9t\u00e9 arrach\u00e9s aux deux pieds\u00a0? Est-ce que les techniciens peuvent nous donner une image des pieds de la partie civile\u00a0?<\/p>\n<p>[Gros plan sur les pieds de Chum Mey]<\/p>\n<p>Je vous remercie monsieur. Vous pouvez reprendre place. Ils ont pris une pince pour tordre les ongles et les arracher et ils l&rsquo;ont fait aux deux pieds si je comprends bien ?<\/p>\n<p>&#8211; Oui c&rsquo;est exact.<\/p>\n<p>&#8211; Est-ce que cela a \u00e9t\u00e9 fait lors d&rsquo;une s\u00e9ance de torture ou lors de plusieurs s\u00e9ances\u00a0?<\/p>\n<p>&#8211; Un jour ils m&rsquo;ont fait les ongles d&rsquo;un c\u00f4t\u00e9 et un autre jour de l&rsquo;autre c\u00f4t\u00e9.<\/p>\n<p>Seng fut le tortionnaire.<\/p>\n<p><br class=\"spacer_\" \/><\/p>\n<p><strong>Les cons\u00e9quences de la torture<\/strong><\/p>\n<p>Les interrogatoires cessent, selon Chum Mey, parce qu&rsquo;il a avou\u00e9 avoir rejoint la CIA et le KGB. Les aveux sont faux bien s\u00fbr mais sous la contrainte il a donn\u00e9 les noms d&rsquo;autres personnes. A la suite de ces douze jours et douze nuits, Chum Mey n&rsquo;est pas soign\u00e9. \u00ab\u00a0Je ne pouvais faire que des petits pas. [&#8230;] Cela a pris plus d&rsquo;un mois avant que je puisse marcher normalement\u00a0\u00bb, d\u00e9crit-il \u00e0 son avocat Hong Kim Suon. Mais la blessure morale, psychologique, est la plus douloureuse, assure le t\u00e9moin-partie civile. \u00ab\u00a0Je n&rsquo;oublierai pas ce que j&rsquo;ai endur\u00e9 \u00e0 S21 jusqu&rsquo;au jour de ma mort et ce n&rsquo;est que quand justice sera rendue que je me sentirai mieux.\u00a0\u00bb Depuis trois mois que le proc\u00e8s a commenc\u00e9, il ne peut retenir ses larmes en entendant les mots \u00ab\u00a0Tuol Sleng\u00a0\u00bb. Il a re\u00e7u le soutien de TPO, une organisation qui propose un soutien psychiatrique et psychologique. \u00ab\u00a0Ils m&rsquo;ont expliqu\u00e9 que c&rsquo;est la col\u00e8re et le traumatisme qui g\u00e9n\u00e8rent ces larmes.\u00a0\u00bb En dehors de la torture, les seules conditions de d\u00e9tention ont suffi \u00e0 ancrer d\u00e9finitivement le souvenir de la d\u00e9shumanisation :\u00a0les nuits encha\u00een\u00e9 avec les autres d\u00e9tenus, couch\u00e9 \u00e0 m\u00eame le sol, les journ\u00e9es de travail dignes d&rsquo;une b\u00eate de somme, l&rsquo;obligation d&rsquo;uriner dans un bidon ou de\u00a0faire ses besoins dans une bo\u00eete \u00e0 munitions sur seule\u00a0autorisation des gardes, l&rsquo;arrosage en guise de douche, l&rsquo;interdiction de parler \u00e0 un voisin en cellule collective, l&rsquo;obligation de demander la permission de changer de position pour ne pas prendre 200 coups de b\u00e2ton.<\/p>\n<p>L&rsquo;\u00e9motion, la souffrance s&rsquo;installent par \u00e0-coups dans le pr\u00e9toire. Quand les co-procureurs projettent une photographie de Chum Mey prise lors de la reconstitution de f\u00e9vrier 2008 \u00e0 S21, assis dans son ancienne cellule, l&rsquo;homme hoquette et s&rsquo;\u00e9croule. \u00ab\u00a0Quand je suis entr\u00e9 dans cette cellule, je ne pensais\u00a0pas survivre. Je n&rsquo;ai pu que m&rsquo;allonger sur le dos en attendant d&rsquo;\u00eatre tu\u00e9. C&rsquo;\u00e9tait la premi\u00e8re fois de ma vie que je m&rsquo;\u00e9tendais ainsi\u00a0\u00e0 m\u00eame\u00a0le sol. Et c&rsquo;\u00e9tait la premi\u00e8re fois de ma vie que j&rsquo;\u00e9tais arros\u00e9 d&rsquo;eau comme cela \u00e9tait le cas pendant ma d\u00e9tention. M\u00eame quand on \u00e9l\u00e8ve des cochons on leur donne \u00e0 manger. Moi je ne recevais qu&rsquo;une cuiller de soupe tr\u00e8s claire.\u00a0\u00bb<\/p>\n<p><br class=\"spacer_\" \/><\/p>\n<p><strong>Le t\u00e9moin d\u00e9consid\u00e9r\u00e9<\/strong><\/p>\n<p>A cet instant pr\u00e9cis, le t\u00e9moin n&rsquo;avait besoin que de compassion, d&#8217;empathie et d&rsquo;un silence respectueux de sa douleur visc\u00e9rale. Mais le pr\u00e9sident de la cour n&rsquo;est pas \u00e0 l&rsquo;aise avec l&rsquo;\u00e9motion, il encha\u00eene avec rudesse\u00a0: \u00ab\u00a0Monsieur le co-procureur, votre temps de parole s&rsquo;\u00e9puise. Monsieur Chum Mey remettez-vous s&rsquo;il vous pla\u00eet. Nous en sommes au stade du proc\u00e8s.\u00a0\u00bb [A noter\u00a0que cette deuxi\u00e8me partie de la r\u00e9plique, qui illustre le manque de\u00a0sensibilit\u00e9 de Nil Nonn\u00a0pour le t\u00e9moin, n&rsquo;a pas \u00e9t\u00e9 traduite en fran\u00e7ais]. Un peu plus tard, c&rsquo;est son propre avocat qui prie Chum Mey de se reprendre vite parce que le temps des parties civiles est compt\u00e9. Au terme de la journ\u00e9e, la cour ne le remercie m\u00eame pas de sa pr\u00e9sence. Le t\u00e9moignage des survivants aurait d\u00fb donner un nouveau souffle au proc\u00e8s, une voix aux victimes, ce genre d&rsquo;interventions maladroites entament la dignit\u00e9\u00a0du tribunal.<\/p>\n<p><br class=\"spacer_\" \/><\/p>\n<p><strong>Les morts ont des noms<\/strong><\/p>\n<p>Chum Mey a surv\u00e9cu parce qu&rsquo;il \u00e9tait le r\u00e9parateur de machines \u00e0 coudre dont S21 avait besoin. Il a \u00e9galement r\u00e9par\u00e9 les machines \u00e0 \u00e9crire. Ce travail lui donne un statut de d\u00e9tenu \u00e0 part, il est mieux nourri, on ne lui fait pas de mal. Cependant il reste encha\u00een\u00e9 et enferm\u00e9 la nuit, il n&rsquo;a aucun droit de circuler librement. Le jour il travaille sous un hangar situ\u00e9 \u00e0 l&rsquo;arri\u00e8re des b\u00e2timents C et D, \u00e0 l&rsquo;ext\u00e9rieur de la premi\u00e8re enceinte cl\u00f4tur\u00e9e. Tout pr\u00e8s se trouve la cuisine, l&rsquo;atelier de menuiserie, et un \u00e9levage de poulets et de lapins.<\/p>\n<p>Quand le juge Jean-Marc Lavergne demande combien de personnes travaillaient avec lui dans cet atelier, Chum Mey cite d&#8217;embl\u00e9e les noms de ses compagnons d&rsquo;infortune. \u00ab\u00a0Ta Pech, Ta Kon, moi-m\u00eame et Ta Dy Phon. \u00c7a fait quatre.\u00a0\u00bb Pour lui, les morts ont des noms avant de s&rsquo;incarner en chiffres. Il aura ce r\u00e9flexe poignant d&rsquo;\u00e9num\u00e9rer les noms des disparus \u00e0 plusieurs reprises au cours de l&rsquo;audience.<\/p>\n<p><br class=\"spacer_\" \/><\/p>\n<p><strong>Le sentiment d&rsquo;injustice<\/strong><\/p>\n<p>Longtemps,\u00a0Chum Mey\u00a0contient sa col\u00e8re. Le pr\u00e9sident l&rsquo;autorise \u00e0 poser deux questions \u00e0 Duch. En substance\u00a0: les agents de la CIA ont-ils tous \u00e9t\u00e9 \u00e9cras\u00e9s ou en restaient-ils en vie\u00a0? Qu&rsquo;est-ce qu&rsquo;\u00e9tait l&rsquo;Angkar\u00a0?<\/p>\n<p>Duch, hautain depuis le d\u00e9but de l&rsquo;audience avec ce t\u00e9moin pour qui il n&rsquo;a visiblement pas d&rsquo;estime, lui r\u00e9pond comme \u00e0 un mauvais \u00e9l\u00e8ve\u00a0: \u00ab\u00a0Monsieur Mey, j&rsquo;aimerais pr\u00e9ciser que comme vous assistez depuis longtemps aux d\u00e9bats, vous devez savoir que la CIA fait r\u00e9f\u00e9rence \u00e0 toute personne de la partie adverse. Par CIA on voulait dire tous les adversaires du PCK. Il y a la vraie CIA et la CIA que le PCK percevait comme \u00e9tant telle. Les adversaires, les opposants. Et je ne pense pas qu&rsquo;on les ait \u00e9limin\u00e9.\u00a0\u00bb Quant \u00e0 l&rsquo;Angkar, il s&rsquo;agit du Comit\u00e9 permanent, de Pol Pot et pour Duch, de Son Sen.<\/p>\n<p>La r\u00e9ponse ne satisfait visiblement pas Chum Mey qui explose quand l&rsquo;avocate Ty Srinna\u00a0lui demande si ses tortionnaires lui ont dict\u00e9 les noms de ses aveux ou s&rsquo;il les a fourni lui-m\u00eame. \u00ab\u00a0On ne m&rsquo;a pas donn\u00e9 de noms mais on m&rsquo;a demand\u00e9 de r\u00e9fl\u00e9chir combien de personnes faisaient partie de mon r\u00e9seau. A ce moment-l\u00e0 je ne savais pas ce que c&rsquo;\u00e9tait, s&rsquo;\u00e9nerve Chum Mey. On nous demandait tout le temps si nous faisions partie de la CIA et du KGB !\u00a0Lorsque des personnes \u00e9taient accus\u00e9es d&rsquo;\u00eatre des ennemis, combien d&rsquo;ennemis y avait-il\u00a0? Pourquoi les accuser d&rsquo;\u00eatre membres de la CIA alors qu&rsquo;ils avaient juste cass\u00e9 un outil ou commis un m\u00e9fait\u00a0?\u00a0\u00bb Ce feu soudain traduit le profond sentiment d&rsquo;injustice et d&rsquo;incompr\u00e9hension des victimes, ce \u00ab\u00a0pourquoi ?\u00a0\u00bb\u00a0qui hante les nuits des survivants et que les explications de Duch ne suffiront jamais \u00e0 \u00e9touffer.<\/p>\n<p><br class=\"spacer_\" \/><\/p>\n<p><strong>Les d\u00e9faillances de la cour<\/strong><\/p>\n<p>Une nouvelle fois, cette journ\u00e9e d&rsquo;audience laissait plus de questions que de r\u00e9ponses dans l&rsquo;esprit du public. Pourquoi trois juges se sont-ils acharn\u00e9s \u00e0 poser trois fois la m\u00eame question insistante sur les circonstances de la mort de la femme de Chum Mey et de son b\u00e9b\u00e9 de deux mois\u00a0? Par d\u00e9faut d&rsquo;attention\u00a0? Les explications r\u00e9it\u00e9r\u00e9es patiemment par le t\u00e9moin-partie civile \u00e9taient-elles si peu claires ?\u00a0Sa femme\u00a0a \u00e9t\u00e9 ex\u00e9cut\u00e9e avec son enfant par des Khmers rouges tandis qu&rsquo;il\u00a0fuyaient les troupes vietnamiennes\u00a0? Quel \u00e9tait l&rsquo;int\u00e9r\u00eat de s&rsquo;appesantir ainsi sur des faits qui ne sont en rien imputables \u00e0 l&rsquo;accus\u00e9\u00a0? Impossible pour le public d&rsquo;\u00e9tablir clairement le rapport avec le proc\u00e8s en cours. La ritournelle prenait des airs de hors-sujet.<\/p>\n<p>Les incoh\u00e9rences dans le t\u00e9moignage de Chum Mey auraient pu g\u00e9n\u00e9rer d&rsquo;int\u00e9ressantes informations. Mais personne ne les rel\u00e8ve. Par exemple Chum Mey d\u00e9clare au juge Jean-Marc Lavergne qu&rsquo;un d\u00e9tenu lui a chuchot\u00e9 que les camions emmenaient les prisonniers pour \u00eatre ex\u00e9cut\u00e9s \u00e0 Choeung Ek. Sachant le secret qui entourait ces ex\u00e9cutions, le propos est surprenant.<\/p>\n<p><br class=\"spacer_\" \/><\/p>\n<p><strong>Les limites du t\u00e9moignage<\/strong><\/p>\n<p>Le t\u00e9moignage de Chum Mey, significatif sur la torture, s&rsquo;av\u00e8re plus limit\u00e9 concernant Duch, les relations avec les gardes de S21 et les relations entre les d\u00e9tenus. Chum Mey n&rsquo;a pas vu Duch torturer puisqu&rsquo;il ne l&rsquo;a jamais vu en 1978. Martine Jacquin, avocate du groupe 3 des parties civiles, s&rsquo;int\u00e9resse \u00e0 la peur\u00a0: \u00ab\u00a0Avez-vous eu l&rsquo;impression que les gardiens avaient peur ou \u00e9taient terroris\u00e9s\u00a0?\u00a0\u00bb \u00ab\u00a0Je ne les ai jamais regard\u00e9s dans les yeux, confie Chum Mey. Pendant cette p\u00e9riode j&rsquo;avais tellement peur que je ne pouvais les regarder dans les yeux.\u00a0\u00bb<\/p>\n<p><br class=\"spacer_\" \/><\/p>\n<p><strong>Les larmes du bourreau n&rsquo;effacent pas la m\u00e9moire des victimes<\/strong><\/p>\n<p>En fin d&rsquo;audience, Kar Savuth, avocat de la d\u00e9fense, rappelle \u00e0 Chum Mey ses paroles envers l&rsquo;accus\u00e9 lors de la reconstitution de f\u00e9vrier 2008, apr\u00e8s que Duch ait lu, boulevers\u00e9, la voix bris\u00e9e, ses excuses aux victimes. \u00ab\u00a0Vous avez dit que vous attendiez ces mots depuis pr\u00e8s de trente ans. Pouvez-vous commenter plus en d\u00e9tail ?\u00a0\u00bb<\/p>\n<p>\u00ab\u00a0Cela fait de nombreuses ann\u00e9es que j&rsquo;attends d&rsquo;entendre ces mots de la bouche de Duch. [&#8230;] Je pensais qu&rsquo;il avait r\u00e9alis\u00e9 avoir tu\u00e9 des gens\u00a0mais qu&rsquo;il ne serait jamais un jour en mesure de dire cela. C&rsquo;est la raison pour laquelle lorsque je l&rsquo;ai vu pleurer \u00e0 Tuol Sleng, je lui ai dit cela. Je ne vais cependant pas laisser quelques larmes faire oublier les \u00e2mes de milliers de personnes qui ont \u00e9t\u00e9 ex\u00e9cut\u00e9es \u00e0 Tuol Sleng.\u00a0\u00bb<\/p>\n<p><br class=\"spacer_\" \/><\/p>\n<p><br class=\"spacer_\" \/><\/p>\n<figure id=\"attachment_542\" aria-describedby=\"caption-attachment-542\" style=\"width: 350px\" class=\"wp-caption aligncenter\"><img loading=\"lazy\" class=\"size-full wp-image-542 \" title=\"30-06-09-chum-mey\" src=\"http:\/\/proceskhmersrouges.net\/wp-content\/uploads\/2009\/07\/30-06-09-chum-mey.jpg\" alt=\"Chum Mey, survivant et partie civile au proc\u00e8s, a t\u00e9moign\u00e9 une journ\u00e9e au tribunal. (Anne-Laure Por\u00e9e)\" width=\"350\" height=\"467\" srcset=\"https:\/\/proceskhmersrouges.net\/wp-content\/uploads\/2009\/07\/30-06-09-chum-mey.jpg 350w, https:\/\/proceskhmersrouges.net\/wp-content\/uploads\/2009\/07\/30-06-09-chum-mey-224x300.jpg 224w\" sizes=\"(max-width: 350px) 100vw, 350px\" \/><figcaption id=\"caption-attachment-542\" class=\"wp-caption-text\">Chum Mey, survivant et partie civile au proc\u00e8s, a t\u00e9moign\u00e9 pendant une journ\u00e9e au tribunal. (Anne-Laure Por\u00e9e)<\/figcaption><\/figure>\n<p><br class=\"spacer_\" \/><\/p>\n<p><br class=\"spacer_\" \/><\/p>\n<p><br class=\"spacer_\" \/><\/p>\n","protected":false},"excerpt":{"rendered":"<p>Chum Mey, 79 ans, est le deuxi\u00e8me survivant de S21 \u00e0 \u00eatre entendu par le tribunal de Kambol. Les parties civiles ont tent\u00e9 de rattraper le ratage de l\u2019audience de Vann Nath mais des couacs font grincer la machine.<\/p>\n","protected":false},"author":1,"featured_media":542,"comment_status":"open","ping_status":"open","sticky":false,"template":"","format":"standard","meta":[],"categories":[17],"tags":[],"_links":{"self":[{"href":"https:\/\/proceskhmersrouges.net\/index.php?rest_route=\/wp\/v2\/posts\/541"}],"collection":[{"href":"https:\/\/proceskhmersrouges.net\/index.php?rest_route=\/wp\/v2\/posts"}],"about":[{"href":"https:\/\/proceskhmersrouges.net\/index.php?rest_route=\/wp\/v2\/types\/post"}],"author":[{"embeddable":true,"href":"https:\/\/proceskhmersrouges.net\/index.php?rest_route=\/wp\/v2\/users\/1"}],"replies":[{"embeddable":true,"href":"https:\/\/proceskhmersrouges.net\/index.php?rest_route=%2Fwp%2Fv2%2Fcomments&post=541"}],"version-history":[{"count":5,"href":"https:\/\/proceskhmersrouges.net\/index.php?rest_route=\/wp\/v2\/posts\/541\/revisions"}],"predecessor-version":[{"id":550,"href":"https:\/\/proceskhmersrouges.net\/index.php?rest_route=\/wp\/v2\/posts\/541\/revisions\/550"}],"wp:featuredmedia":[{"embeddable":true,"href":"https:\/\/proceskhmersrouges.net\/index.php?rest_route=\/wp\/v2\/media\/542"}],"wp:attachment":[{"href":"https:\/\/proceskhmersrouges.net\/index.php?rest_route=%2Fwp%2Fv2%2Fmedia&parent=541"}],"wp:term":[{"taxonomy":"category","embeddable":true,"href":"https:\/\/proceskhmersrouges.net\/index.php?rest_route=%2Fwp%2Fv2%2Fcategories&post=541"},{"taxonomy":"post_tag","embeddable":true,"href":"https:\/\/proceskhmersrouges.net\/index.php?rest_route=%2Fwp%2Fv2%2Ftags&post=541"}],"curies":[{"name":"wp","href":"https:\/\/api.w.org\/{rel}","templated":true}]}}