{"id":558,"date":"2009-02-13T19:15:05","date_gmt":"2009-02-13T12:15:05","guid":{"rendered":"http:\/\/proceskhmersrouges.net\/?p=558"},"modified":"2009-07-04T10:28:52","modified_gmt":"2009-07-04T03:28:52","slug":"%c2%ab-les-khmers-rouges-n%e2%80%99ont-jamais-reconnu-leurs-fautes-j%e2%80%99attends-le-proces-de-duch-%c2%bb","status":"publish","type":"post","link":"https:\/\/proceskhmersrouges.net\/?p=558","title":{"rendered":"\u00ab  Les Khmers rouges n\u2019ont jamais reconnu leurs fautes. J\u2019attends le proc\u00e8s de Duch \u00bb"},"content":{"rendered":"<p><div><\/div>\n<\/p>\n<p><span style=\"font-size: small; font-family: Times New Roman;\"><\/p>\n<figure id=\"attachment_559\" aria-describedby=\"caption-attachment-559\" style=\"width: 400px\" class=\"wp-caption aligncenter\"><img loading=\"lazy\" class=\"size-full wp-image-559\" title=\"fev-09-vann-nath-1\" src=\"http:\/\/proceskhmersrouges.net\/wp-content\/uploads\/2009\/07\/fev-09-vann-nath-1.jpg\" alt=\"Vann Nath photographi\u00e9 lors d'un atelier avec de jeunes artistes cambodgiens et S\u00e9ra au centre Bophana en janvier 2009. (Anne-Laure Por\u00e9e)\" width=\"400\" height=\"533\" srcset=\"https:\/\/proceskhmersrouges.net\/wp-content\/uploads\/2009\/07\/fev-09-vann-nath-1.jpg 400w, https:\/\/proceskhmersrouges.net\/wp-content\/uploads\/2009\/07\/fev-09-vann-nath-1-225x300.jpg 225w\" sizes=\"(max-width: 400px) 100vw, 400px\" \/><figcaption id=\"caption-attachment-559\" class=\"wp-caption-text\">Vann Nath photographi\u00e9 lors d&#39;un atelier avec de jeunes artistes cambodgiens et S\u00e9ra au centre Bophana en janvier 2009. (Anne-Laure Por\u00e9e)<\/figcaption><\/figure>\n<p><br class=\"spacer_\" \/><\/p>\n<p><\/span><\/p>\n<p class=\"MsoNormal\" style=\"margin: 0cm 0cm 0pt; text-align: justify;\">\u00a0<\/p>\n<p class=\"MsoNormal\" style=\"margin: 0cm 0cm 0pt; text-align: justify;\"><span style=\"font-size: small; font-family: Times New Roman;\">Enfonc\u00e9 dans un fauteuil en simili cuir, Vann Nath se sert un th\u00e9 chaud. Il re\u00e7oit ses visiteurs dans une pi\u00e8ce attenante \u00e0 son restaurant, o\u00f9 sont expos\u00e9es des reproductions de ses tableaux figurant les \u00e9tapes de son arrestation par les Khmers rouges jusqu\u2019\u00e0 son emprisonnement au centre de d\u00e9tention et de torture S21. Ce peintre au regard doux, parfois absent, et aux cheveux argent\u00e9s comme une pleine lune, a fait de son art le vecteur de son t\u00e9moignage. \u00ab\u00a0La peinture est accessible \u00e0 toutes les g\u00e9n\u00e9rations et \u00e0 tous les peuples, c\u2019est le meilleur moyen de raconter l\u2019histoire\u00a0\u00bb plaide-t-il alors qu\u2019il vient de passer la matin\u00e9e en atelier de cr\u00e9ation avec de jeunes peintres cambodgiens qui travaillent sur la m\u00e9moire. Des rencontres heureuses lui ont aussi permis d\u2019acc\u00e9der \u00e0 d\u2019autres formes de transmission. Avec l\u2019aide d\u2019une journaliste, il a \u00e9crit un r\u00e9cit biographique, <em style=\"mso-bidi-font-style: normal;\">Dans l\u2019enfer de Tuol Sleng.<\/em> Dans le film de Rithy Panh, \u00ab\u00a0S21, la machine de mort khm\u00e8re rouge\u00a0\u00bb, il a \u00e9t\u00e9 l\u2019impressionnant contradicteur des anciens gardiens khmers rouges de la prison.<\/span><\/p>\n<p class=\"MsoNormal\" style=\"margin: 0cm 0cm 0pt; text-align: justify;\"><span style=\"font-size: small; font-family: Times New Roman;\">\u00a0<\/span><\/p>\n<p class=\"MsoNormal\" style=\"margin: 0cm 0cm 0pt; text-align: justify;\"><span style=\"font-size: small; font-family: Times New Roman;\">A 62 ans, Vann Nath semble fatigu\u00e9. Au milieu de ses peintures, il assure que sa sant\u00e9 s\u2019am\u00e9liore malgr\u00e9 une grave maladie des reins, mais conc\u00e8de dans un sourire pudique que lorsqu\u2019il raconte son histoire, les cauchemars le r\u00e9veillent en sursaut la nuit. Comme s\u2019il revivait les cris des tortur\u00e9s, la douleur des d\u00e9tenus. Pourtant il t\u00e9moigne sans rel\u00e2che. \u00ab\u00a0Je n\u2019ai jamais eu peur de t\u00e9moigner parce que je n\u2019ai jamais eu envie de me venger des Khmers rouges. Je suis comme \u00e7a, c\u2019est ma nature. J\u2019ai aussi toujours eu le sentiment que j\u2019avais le droit de parler. Je dis la r\u00e9alit\u00e9, ni plus, ni moins.\u00a0\u00bb<\/span><\/p>\n<p class=\"MsoNormal\" style=\"margin: 0cm 0cm 0pt; text-align: justify;\"><span style=\"font-size: small; font-family: Times New Roman;\">Entretenir la m\u00e9moire d\u2019un quotidien inhumain \u00e9tait \u00e9galement un devoir, une promesse faite aux disparus. \u00ab\u00a0Je sens qu\u2019ils sont avec moi. Leurs fant\u00f4mes ne me font pas peur, ils me donnent confiance et espoir. Moi aussi je suis mort sous les Khmers rouges. Je n\u2019ai pas v\u00e9cu jusqu\u2019\u00e0 aujourd\u2019hui pour l\u2019argent, le travail ou le bonheur familial mais pour eux.\u00a0\u00bb<\/span><\/p>\n<p class=\"MsoNormal\" style=\"margin: 0cm 0cm 0pt; text-align: justify;\"><span style=\"font-size: small; font-family: Times New Roman;\">\u00a0<\/span><\/p>\n<p class=\"MsoNormal\" style=\"margin: 0cm 0cm 0pt; text-align: justify;\"><span style=\"font-size: small; font-family: Times New Roman;\">A ceux qui pr\u00e9tendent impossible de se souvenir en d\u00e9tail du pass\u00e9 trente ans apr\u00e8s les faits, Vann Nath r\u00e9pond fermement que \u00ab\u00a0cette histoire est trop importante pour \u00eatre oubli\u00e9e\u00a0\u00bb. Son souci d\u2019exactitude et son honn\u00eatet\u00e9 en font un t\u00e9moin capital dans le proc\u00e8s de l\u2019ancien directeur de S21, Duch, qui s\u2019ouvre \u00e0 Phnom Penh le 17 f\u00e9vrier. Vann Nath a \u00e9t\u00e9 d\u00e9tenu un an, du 7 janvier 1978 au 7 janvier 1979, dans ce centre o\u00f9 les Khmers rouges n\u2019ont cess\u00e9 de chercher les preuves du complot visant \u00e0 les faire \u00e9chouer. Personne n\u2019en sortait vivant. Les documents retrouv\u00e9s sur place confirment que pr\u00e8s de 14\u00a0000\u00a0personnes, parmi lesquelles nombre d\u2019anciens Khmers rouges victimes de purges internes, ont \u00e9t\u00e9 enferm\u00e9es \u00e0 S21 avant d\u2019\u00eatre ex\u00e9cut\u00e9es aux charniers de Choeung Ek. <\/span><\/p>\n<p class=\"MsoNormal\" style=\"margin: 0cm 0cm 0pt; text-align: justify;\"><span style=\"font-size: small; font-family: Times New Roman;\">\u00a0<\/span><\/p>\n<p class=\"MsoNormal\" style=\"margin: 0cm 0cm 0pt; text-align: justify;\"><span style=\"font-size: small; font-family: Times New Roman;\">Vann Nath n\u2019avait pourtant rien d\u2019un Khmer rouge. \u00ab\u00a0Je n\u2019ai jamais su pourquoi on m\u2019avait arr\u00eat\u00e9. Un jour que je travaillais dans la rizi\u00e8re, un responsable est venu me chercher en pr\u00e9textant qu\u2019on allait couper du rotin. Au lieu de \u00e7a, je me suis retrouv\u00e9 dans un grenier avec les fers aux pieds.\u00a0\u00bb Transf\u00e9r\u00e9 dans une pagode convertie en prison, Vann Nath est questionn\u00e9 \u00e0 coups de d\u00e9charges \u00e9lectriques. Les bourreaux n\u2019obtiendront aucune confession de ce p\u00e8re de deux enfants, discret et travailleur, qui ne comprend pas ce qui lui est reproch\u00e9. Il est donc envoy\u00e9 \u00e0 S21, fourgu\u00e9 avec 35 autres hommes dans des camions, comme du b\u00e9tail. \u00ab\u00a0Nous n\u2019\u00e9tions pas consid\u00e9r\u00e9s comme des \u00eatres humains. M\u00eame apr\u00e8s trente ans, la souffrance reste au corps. Elle restera inoubliable jusqu\u2019\u00e0 la mort.\u00a0\u00bb La gorge serr\u00e9e, il glisse que pas un de ses compagnons n\u2019a surv\u00e9cu.<\/span><\/p>\n<p class=\"MsoNormal\" style=\"margin: 0cm 0cm 0pt; text-align: justify;\"><span style=\"font-size: small; font-family: Times New Roman;\">\u00a0<\/span><\/p>\n<p class=\"MsoNormal\" style=\"margin: 0cm 0cm 0pt; text-align: justify;\"><span style=\"font-size: small; font-family: Times New Roman;\">Vann Nath \u00e9tait d\u2019origine paysanne. Il avait d\u00fb arr\u00eater l\u2019\u00e9cole apr\u00e8s son certificat pour aider sa m\u00e8re \u00e0 cultiver la rizi\u00e8re. Plus tard, il v\u00e9cut quatre ans \u00e0 la pagode o\u00f9 il \u00e9tudia le bouddhisme, puis il suivit quatre ans d\u2019apprentissage aupr\u00e8s d\u2019un peintre d\u2019affiches avant de s\u2019installer \u00e0 son compte. Jusqu\u2019au d\u00e9but des ann\u00e9es 1970, il peignait \u00e0 partir de photos les Alain Delon, Johnny Halliday et autres stars du moment dont les films remplissaient les salles de cin\u00e9ma cambodgiennes. C\u2019est ce talent particulier qui le sauve \u00e0 S21. <\/span><\/p>\n<p class=\"MsoNormal\" style=\"margin: 0cm 0cm 0pt; text-align: justify;\"><span style=\"font-size: small; font-family: Times New Roman;\">Un mois apr\u00e8s son arriv\u00e9e \u00e0 la prison de Phnom Penh, Duch le teste en commandant un portrait de Pol Pot. Son style pla\u00eet, en particulier les joues ros\u00e9es qu\u2019il fait au leader khmer rouge. Il gagne ainsi sa survie sachant que le moindre faux pas le conduira \u00e0 la mort. \u00ab\u00a0Duch venait tous les jours \u00e0 l\u2019atelier de peinture. Il ne m\u2019a jamais fait de mal.\u00a0\u00bb Mais le directeur a donn\u00e9 des ordres, il est du c\u00f4t\u00e9 des bourreaux. Et quand ses subordonn\u00e9s pr\u00e9tendent n\u2019avoir pas eu d\u2019autre choix que d\u2019ob\u00e9ir, Vann Nath r\u00e9torque que \u00ab\u00a0les bourreaux de S21 n\u2019\u00e9taient pas n\u2019importe qui\u00a0\u00bb. <\/span><\/p>\n<p class=\"MsoNormal\" style=\"margin: 0cm 0cm 0pt; text-align: justify;\"><span style=\"font-size: small; font-family: Times New Roman;\">\u00a0<\/span><\/p>\n<p class=\"MsoNormal\" style=\"margin: 0cm 0cm 0pt; text-align: justify;\"><span style=\"font-size: small; font-family: Times New Roman;\">A la chute du r\u00e9gime khmer rouge, les ge\u00f4liers entra\u00eenent les prisonniers dans leur fuite. Heureusement, la confusion g\u00e9n\u00e9rale permet \u00e0 certains de s\u2019\u00e9chapper. Tr\u00e8s vite, Vann Nath est engag\u00e9 comme militaire par les nouvelles autorit\u00e9s. A leur demande, il peint dans un style r\u00e9aliste le quotidien des prisonniers \u00e0 S21, la torture et la mort. Ses tableaux, saisissants d\u2019horreur, sont depuis cette \u00e9poque expos\u00e9s au mus\u00e9e Tuol Sleng. Dans les archives de S21, il d\u00e9couvre la photo anthropom\u00e9trique qui a \u00e9t\u00e9 prise de lui le jour de son arriv\u00e9e, dont il conserve pr\u00e9cieusement l\u2019original. Il trouve aussi une liste de prisonniers o\u00f9 figure son nom et \u00e0 c\u00f4t\u00e9 une mention peut-\u00eatre \u00e9crite de la main de Duch\u00a0: \u00ab\u00a0garder pour utiliser\u00a0\u00bb. <\/span><\/p>\n<p class=\"MsoNormal\" style=\"margin: 0cm 0cm 0pt;\"><span style=\"font-size: small; font-family: Times New Roman;\">\u00a0<\/span><\/p>\n<p class=\"MsoNormal\" style=\"margin: 0cm 0cm 0pt; text-align: justify;\"><span style=\"font-size: small; font-family: Times New Roman;\">En 1979, ils \u00e9taient sept hommes rescap\u00e9s de S21. Aujourd\u2019hui ils ne sont plus que trois encore en vie. Parmi eux, deux se sont port\u00e9s partie civile dans le proc\u00e8s contre Duch\u00a0: Chum Mey et Bou Meng. Vann Nath, lui, se contentera du r\u00f4le de t\u00e9moin. C\u2019est l\u00e0 qu\u2019est sa place, pense-t-il. Il ne travaille pas pour le symbole mais pour la justice. \u00ab\u00a0L\u2019important n\u2019est pas de porter plainte mais que le tribunal d\u00e9montre les faits\u00a0\u00bb, explique-t-il calmement. \u00ab\u00a0Nous attendons la justice depuis trente ans. Nous ne savons pas ce que cela donnera apr\u00e8s le 17 f\u00e9vrier. Mais je garde espoir que les anciens dirigeants r\u00e9coltent ce qu\u2019ils ont sem\u00e9.\u00a0\u00bb<\/span><\/p>\n<p class=\"MsoNormal\" style=\"margin: 0cm 0cm 0pt; text-align: justify;\"><span style=\"font-size: small; font-family: Times New Roman;\">\u00a0<\/span><\/p>\n<p><div><\/div>\n<\/p>\n<p><span style=\"font-size: small; font-family: Times New Roman;\"><\/p>\n<figure id=\"attachment_560\" aria-describedby=\"caption-attachment-560\" style=\"width: 400px\" class=\"wp-caption aligncenter\"><img loading=\"lazy\" class=\"size-full wp-image-560\" title=\"fev-09-vann-nath-au-tribunal\" src=\"http:\/\/proceskhmersrouges.net\/wp-content\/uploads\/2009\/07\/fev-09-vann-nath-au-tribunal.jpg\" alt=\"Le survivant assailli par la presse le jour de l'ouverture du proc\u00e8s de Duch, le 17 f\u00e9vrier 2009. (Anne-Laure Por\u00e9e)\" width=\"400\" height=\"300\" srcset=\"https:\/\/proceskhmersrouges.net\/wp-content\/uploads\/2009\/07\/fev-09-vann-nath-au-tribunal.jpg 400w, https:\/\/proceskhmersrouges.net\/wp-content\/uploads\/2009\/07\/fev-09-vann-nath-au-tribunal-300x225.jpg 300w\" sizes=\"(max-width: 400px) 100vw, 400px\" \/><figcaption id=\"caption-attachment-560\" class=\"wp-caption-text\">Le survivant assailli par la presse le jour de l&#39;ouverture du proc\u00e8s de Duch, le 17 f\u00e9vrier 2009. (Anne-Laure Por\u00e9e)<\/figcaption><\/figure>\n<p><br class=\"spacer_\" \/><\/p>\n<p><\/span><\/p>\n<p class=\"MsoNormal\" style=\"margin: 0cm 0cm 0pt; text-align: justify;\"><span style=\"font-size: small; font-family: Times New Roman;\">Au-del\u00e0 des condamnations, Vann Nath esp\u00e8re des r\u00e9ponses au cours des diff\u00e9rents proc\u00e8s annonc\u00e9s\u00a0: pourquoi avoir vid\u00e9 les villes, organis\u00e9 la famine, s\u00e9par\u00e9 les familles, \u00e9limin\u00e9 toute une partie de la population\u00a0? Quel r\u00f4le ont jou\u00e9 les dirigeants khmers rouges\u00a0? \u00ab\u00a0Pr\u00e8s de deux millions de personnes sont mortes sous le r\u00e9gime khmer rouge. Jusqu\u2019\u00e0 aujourd\u2019hui, ils n\u2019ont jamais reconnu leurs fautes. J\u2019attends le proc\u00e8s de Duch.\u00a0\u00bb<\/span><\/p>\n<p><span style=\"font-size: 12pt; font-family: &quot;Times New Roman&quot;; mso-fareast-font-family: 'Times New Roman'; mso-ansi-language: FR; mso-fareast-language: FR; mso-bidi-language: AR-SA;\">L\u2019enjeu est fondamental dans un pays o\u00f9 cette p\u00e9riode n\u2019est pas enseign\u00e9e \u00e0 l\u2019\u00e9cole. A une classe de lyc\u00e9ens, Vann Nath avouait l\u2019ann\u00e9e derni\u00e8re que sept jeunes sur dix qu\u2019il rencontrait ne croyaient pas \u00e0 ce qui s\u2019\u00e9tait pass\u00e9 sous les Khmers rouges. \u00ab\u00a0Je ne leur en veux pas. Un jour, ils y croiront, gr\u00e2ce aux preuves.\u00a0\u00bb<\/span><\/p>\n","protected":false},"excerpt":{"rendered":"<p>Vann Nath est l\u2019un des trois hommes rescap\u00e9s encore en vie qui puisse raconter le quotidien des prisonniers de S21, un des plus grands centres de d\u00e9tention et de torture khmer rouge, aujourd\u2019hui appel\u00e9 mus\u00e9e de Tuol Sleng. Il devrait \u00eatre un t\u00e9moin cl\u00e9 du proc\u00e8s de Duch, l\u2019ancien directeur, qui s\u2019ouvre \u00e0 Phnom Penh le 17 f\u00e9vrier. <i>(Article publi\u00e9 dans 24 heures en Suisse le 13 f\u00e9vrier 2009)<\/i><\/p>\n","protected":false},"author":1,"featured_media":0,"comment_status":"open","ping_status":"open","sticky":false,"template":"","format":"standard","meta":[],"categories":[3],"tags":[],"_links":{"self":[{"href":"https:\/\/proceskhmersrouges.net\/index.php?rest_route=\/wp\/v2\/posts\/558"}],"collection":[{"href":"https:\/\/proceskhmersrouges.net\/index.php?rest_route=\/wp\/v2\/posts"}],"about":[{"href":"https:\/\/proceskhmersrouges.net\/index.php?rest_route=\/wp\/v2\/types\/post"}],"author":[{"embeddable":true,"href":"https:\/\/proceskhmersrouges.net\/index.php?rest_route=\/wp\/v2\/users\/1"}],"replies":[{"embeddable":true,"href":"https:\/\/proceskhmersrouges.net\/index.php?rest_route=%2Fwp%2Fv2%2Fcomments&post=558"}],"version-history":[{"count":2,"href":"https:\/\/proceskhmersrouges.net\/index.php?rest_route=\/wp\/v2\/posts\/558\/revisions"}],"predecessor-version":[{"id":586,"href":"https:\/\/proceskhmersrouges.net\/index.php?rest_route=\/wp\/v2\/posts\/558\/revisions\/586"}],"wp:attachment":[{"href":"https:\/\/proceskhmersrouges.net\/index.php?rest_route=%2Fwp%2Fv2%2Fmedia&parent=558"}],"wp:term":[{"taxonomy":"category","embeddable":true,"href":"https:\/\/proceskhmersrouges.net\/index.php?rest_route=%2Fwp%2Fv2%2Fcategories&post=558"},{"taxonomy":"post_tag","embeddable":true,"href":"https:\/\/proceskhmersrouges.net\/index.php?rest_route=%2Fwp%2Fv2%2Ftags&post=558"}],"curies":[{"name":"wp","href":"https:\/\/api.w.org\/{rel}","templated":true}]}}