{"id":954,"date":"2009-11-26T10:22:54","date_gmt":"2009-11-26T03:22:54","guid":{"rendered":"http:\/\/proceskhmersrouges.net\/?p=954"},"modified":"2010-12-01T23:42:11","modified_gmt":"2010-12-01T16:42:11","slug":"les-deux-faces-du-bourreau-douch","status":"publish","type":"post","link":"https:\/\/proceskhmersrouges.net\/?p=954","title":{"rendered":"Les deux faces du bourreau Duch"},"content":{"rendered":"<p><em><strong>Cet article est sign\u00e9 Carole Vann, journaliste sp\u00e9cialis\u00e9e dans toutes les questions des droits de l&rsquo;Homme, qui a couvert les derni\u00e8res audiences du proc\u00e8s de Duch pour <a title=\"Site Infosud\" href=\"http:\/\/www.infosud.org\">Infosud<\/a>. Elle a accept\u00e9 que ses articles soient repris sur ce blog.<\/strong><br \/>\n <\/em><\/p>\n<p style=\"text-align: center;\"><strong><em> <\/em><\/strong><\/p>\n<p><br class=\"spacer_\" \/><\/p>\n<figure id=\"attachment_961\" aria-describedby=\"caption-attachment-961\" style=\"width: 400px\" class=\"wp-caption aligncenter\"><strong><em><strong><em><img loading=\"lazy\" class=\"size-full wp-image-961\" title=\"duch-en-pull-blanc-cetc\" src=\"http:\/\/proceskhmersrouges.net\/wp-content\/uploads\/2009\/11\/duch-en-pull-blanc-cetc.jpg\" alt=\"Lundi 23 novembre 2009, le jour o\u00f9 les avocats des parties civiles plaident, Duch para\u00eet habill\u00e9 d'un pull blanc immacul\u00e9. (Photo ECCC)\" width=\"400\" height=\"266\" srcset=\"https:\/\/proceskhmersrouges.net\/wp-content\/uploads\/2009\/11\/duch-en-pull-blanc-cetc.jpg 400w, https:\/\/proceskhmersrouges.net\/wp-content\/uploads\/2009\/11\/duch-en-pull-blanc-cetc-300x199.jpg 300w\" sizes=\"(max-width: 400px) 100vw, 400px\" \/><\/em><\/strong><\/em><\/strong><figcaption id=\"caption-attachment-961\" class=\"wp-caption-text\">Lundi 23 novembre 2009, le jour o\u00f9 les avocats des parties civiles plaident, Duch est habill\u00e9 d&#39;un pull blanc immacul\u00e9. Le blanc chez les Cambodgiens bouddhistes est la couleur du deuil, mais pas chez les chr\u00e9tiens. (Photo ECCC)<\/figcaption><\/figure>\n<p><br class=\"spacer_\" \/><\/p>\n<p><strong><em> <\/em><\/strong><\/p>\n<p>L&rsquo;atmosph\u00e8re est \u00e9lectrique en ce d\u00e9but de semaine au tribunal charg\u00e9 de juger les responsables khmers rouges \u00e0 Phnom Penh. \u00ab Regardez-les, Monsieur ! Ceux que vous avez voulu \u00e9craser&#8230; On peut \u00e9craser des insectes, pas des humains, car, un jour, ceux-ci se rel\u00e8vent, eux ou leurs successeurs, pour demander des comptes ! \u00bb tonnait Philippe Canonne, l&rsquo;un des avocats des 90 plaignants venus pour les plaidoiries du proc\u00e8s contre Duch. L&rsquo;ex-directeur de S21 est responsable de l&rsquo;ex\u00e9cution, dans d&rsquo;atroces souffrances, de 12 000 \u00e0 17 000 hommes, femmes et enfants, de 1975 \u00e0 1979.<\/p>\n<p>Devant une salle surcharg\u00e9e (des \u00e9crans ont \u00e9t\u00e9 install\u00e9s \u00e0 l&rsquo;ext\u00e9rieur pour ceux qui n&rsquo;avaient plus de place \u00e0 l&rsquo;int\u00e9rieur), alors que toutes les TV nationales tournent en direct, l&rsquo;ancien tortionnaire, qui a choisi de porter du blanc pour la circonstance, a d\u00fb \u00e9couter la liste des charges accablantes qui p\u00e8sent sur lui. Deux jours durant, avocats et procureurs se sont succ\u00e9d\u00e9 pour restaurer la v\u00e9rit\u00e9 des victimes, celle-l\u00e0 m\u00eame que Duch a cherch\u00e9 \u00e0 falsifier tout au long des six mois d&rsquo;audience.<\/p>\n<p><br class=\"spacer_\" \/><\/p>\n<p><strong>\u00ab On n&rsquo;est pas dans un proc\u00e8s d&rsquo;\u00e9l\u00e9gance \u00bb<\/strong><\/p>\n<p>\u00ab G\u00e9mir, pleurer prier est \u00e9galement l\u00e2che, fais \u00e9nergiquement ta longue et lourde t\u00e2che (&#8230;), puis apr\u00e8s, comme moi, souffre et meurs sans parler. Vous avez, au d\u00e9but de vos auditions, brandi ces strophes d&rsquo;Alfred de Vigny. Vous rendez-vous compte, Monsieur, que, \u00e0 l&rsquo;heure o\u00f9 l&rsquo;on vous juge pour crimes contre l&rsquo;humanit\u00e9, vous nous citez des po\u00e8tes romantiques ? C&rsquo;est inqui\u00e9tant. On n&rsquo;est pas dans un proc\u00e8s d&rsquo;\u00e9l\u00e9gance. Je vous parle de 12 000 morts, Monsieur ! \u00bb martelait encore Me Canonne, s&rsquo;interrogeant au vol sur la sinc\u00e9rit\u00e9 du repentir de l&rsquo;accus\u00e9. Car la d\u00e9fense argue de sa reconnaissance de culpabilit\u00e9 et de sa collaboration avec le tribunal.<\/p>\n<p>Fran\u00e7ois Roux, avocat de Duch, n&rsquo;a de cesse de d\u00e9cliner &#8211; en se r\u00e9f\u00e9rant au fameux th\u00e8me de la banalit\u00e9 du mal d&rsquo;Hannah Arendt &#8211; l&rsquo;ob\u00e9issance servile et la soumission de son client \u00e0 un r\u00e9gime de secret et de terreur. Mais les avocats des parties civiles et les procureurs ont fait la d\u00e9monstration implacable que l&rsquo;homme aux petits yeux per\u00e7ants n&rsquo;\u00e9tait pas qu&rsquo;un simple maillon de la m\u00e9canique infernale. Il alimentait, par son savoir, son z\u00e8le et son obsession de la perfection, cette machine de mort. Les preuves irr\u00e9futables gisent dans la prison devenue mus\u00e9e du g\u00e9nocide : des milliers de photos, de biographies, des kilom\u00e8tres de pages d&rsquo;aveux extorqu\u00e9s sous la torture et annot\u00e9s de la main de Duch.<\/p>\n<p>De ce lieu comparable \u00e0 aucun autre, nul ne sortait vivant. L&rsquo;accus\u00e9 lui-m\u00eame le clame. Pire : entrer \u00e0 S21 signifiait quitter le monde des humains. Duch y a mis au point des techniques d&rsquo;interrogatoire d&rsquo;une cruaut\u00e9 indicible, innovant \u00e0 l&rsquo;infini. Electrocutions, aiguilles enfonc\u00e9es sous les ongles, faire manger les excr\u00e9ments aux d\u00e9tenus, insectes venimeux, viols sordides, \u00e9talage de ciment mouill\u00e9 sur le visage, pompage de sang jusqu&rsquo;\u00e0 ce que mort s&rsquo;ensuive&#8230;<\/p>\n<p><br class=\"spacer_\" \/><\/p>\n<p><strong>Un homme m\u00e9ticuleux<\/strong><\/p>\n<p>\u00ab Le croyez-vous lorsqu&rsquo;il se dit otage du r\u00e9gime, forc\u00e9 de tuer et torturer contre sa volont\u00e9 ? \u00bb a demand\u00e9 dans son r\u00e9quisitoire le coprocureur australien William Smith. Avec ses confr\u00e8res, il a diss\u00e9qu\u00e9 la personnalit\u00e9 de Duch, ne laissant aucune place au doute. Un homme m\u00e9ticuleux, logique, ma\u00eetre du d\u00e9tail, \u00e0 la m\u00e9moire brillante, pr\u00eat \u00e0 tout pour s&rsquo;assurer une vie confortable, alors que les autres cadres \u00e9taient purg\u00e9s&#8230; Il s\u00e9lectionnait scrupuleusement son personnel et le soumettait \u00e0 une discipline militaire. Il recrutait de pr\u00e9f\u00e9rence les adolescents, qu&rsquo;il disait \u00ab faciles \u00e0 manipuler comme des pages blanches sur lesquelles on peut \u00e9crire ce qu&rsquo;on veut \u00bb. Il leur prodiguait des cours sur les techniques de torture. Il voulait organiser et superviser la machinerie S21 mais ne voulait pas faire les sales besognes lui-m\u00eame. Rien n&rsquo;arrivait \u00e0 S21 sans qu&rsquo;il le sache.<\/p>\n<p>Mercredi, concluant leur r\u00e9quisitoire, les procureurs r\u00e9clament 40 ans de prison. Une sentence que les plaignants trouveraient acceptable. Prenant \u00e0 son tour la parole, Duch \u00e9num\u00e8re pendant une heure et demi la liste des informations qu&rsquo;il a apport\u00e9es au tribunal depuis le d\u00e9but de son proc\u00e8s. Une mani\u00e8re de rappeler aux juges qu&rsquo;il a toujours montr\u00e9 une volont\u00e9 de collaborer \u00e0 la recherche de la v\u00e9rit\u00e9. Fid\u00e8le \u00e0 sa r\u00e9putation de math\u00e9maticien m\u00e9ticuleux, il n&rsquo;a pas \u00e9pargn\u00e9 \u00e0 l&rsquo;auditoire, dont la moiti\u00e9 s&rsquo;est assoupie, la lecture de ses notes de bas de page.<\/p>\n<p><br class=\"spacer_\" \/><\/p>\n<p><strong>\u00ab Duch, le r\u00e9volutionnaire, est mort \u00bb<\/strong><\/p>\n<p>Mais coup de th\u00e9\u00e2tre dans l&rsquo;apr\u00e8s-midi. Devant une salle m\u00e9dus\u00e9e, le d\u00e9fenseur cambodgien Kar Savuth d\u00e9clare Duch non coupable et demande son acquittement. Cela \u00e0 deux jours de la fin d&rsquo;un proc\u00e8s de huit mois au long duquel l&rsquo;accus\u00e9 a constamment reconnu sa culpabilit\u00e9. Les divisions au sein de la d\u00e9fense apparues au grand jour, toutes sortes de sp\u00e9culations circulent sur les motivations de Kar Savuth \u00e0 faire cavalier seul. L&rsquo;homme est connu pour \u00eatre un \u00ab pion \u00bb du gouvernement de Phnom Penh.<\/p>\n<p>De son c\u00f4t\u00e9, Fran\u00e7ois Roux, d\u00e9fenseur fran\u00e7ais de Duch, confirme jeudi les \u00ab positions divergentes adopt\u00e9es par la d\u00e9fense. \u00bb Apr\u00e8s une magistrale le\u00e7on d&rsquo;histoire sur les proc\u00e8s internationaux, l&rsquo;avocat fustige les procureurs, leur reprochant leur duret\u00e9 \u00e0 l&rsquo;\u00e9gard de l&rsquo;accus\u00e9.<\/p>\n<p>\u00ab Pour une personne de 66 ans, une peine de 40 ans veut dire la prison \u00e0 vie. Appelons un chat un chat \u00bb, plaide Fran\u00e7ois Roux. Et d&rsquo;expliquer en substance : \u00ab on veut croire qu&rsquo;une fois Duch condamn\u00e9, ces horreurs ne pourront plus se reproduire. Mais cela se reproduira tant qu&rsquo;on n&rsquo;aura pas essay\u00e9 de comprendre le terrible ph\u00e9nom\u00e8ne de crime d&rsquo;ob\u00e9issance qui transforme un homme en bourreau. \u00bb<\/p>\n<p>\u00ab Duch a dit l&rsquo;essentiel sur l&rsquo;ensemble des crimes dont il est responsable, mais il y a encore des zones d&rsquo;ombre \u00bb, reconnait l&rsquo;avocat, mettant cela sur le compte d&rsquo;un \u00ab processus d&rsquo;\u00e9vitement post-traumatique \u00bb, tel que d\u00e9fini par l&rsquo;expertise psychiatrique. Puis s&rsquo;adressant aux juges, il demande leur cl\u00e9mence pour un homme \u00ab qui a non seulement d\u00e9j\u00e0 fait 10 ans de prison, mais qui est fugitif depuis 20 ans (ndrl : l&rsquo;avocat fait allusion aux ann\u00e9es pass\u00e9es avec les autres maquisards khmers rouges dans la jungle, puis dans les camps de r\u00e9fugi\u00e9s \u00e0 la fronti\u00e8re tha\u00eflandaise, et enfin comme enseignant sous une fausse identit\u00e9 dans son propre pays). Cela fait 30 ans que cet homme est priv\u00e9 de libert\u00e9 \u00bb, conclut Fran\u00e7ois Roux, ajoutant : \u00ab Duch est mort. Aujourd&rsquo;hui, il s&rsquo;appelle Kaing Guek Eav, ce n&rsquo;est plus Duch le r\u00e9volutionnaire. \u00bb<\/p>\n<p>Avec le verdict attendu au d\u00e9but de 2010, il reste maintenant \u00e0 savoir \u00e0 qui s&rsquo;adresse ce proc\u00e8s. Aux Cambodgiens qui ont besoin de comprendre ou \u00e0 une justice internationale press\u00e9e de s&rsquo;imposer ?<\/p>\n","protected":false},"excerpt":{"rendered":"<p>Le tribunal mixte \u2013 international et cambodgien &#8211; charg\u00e9 de juger les plus hauts responsables khmers rouges a requis 40 ans de prison contre Duch, le directeur de l\u2019ancien centre de torture S-21. Ses avocats, eux, se sont montr\u00e9s divis\u00e9s. Retour sur une semaine sous tension.<\/p>\n","protected":false},"author":1,"featured_media":961,"comment_status":"open","ping_status":"closed","sticky":false,"template":"","format":"standard","meta":[],"categories":[17],"tags":[],"_links":{"self":[{"href":"https:\/\/proceskhmersrouges.net\/index.php?rest_route=\/wp\/v2\/posts\/954"}],"collection":[{"href":"https:\/\/proceskhmersrouges.net\/index.php?rest_route=\/wp\/v2\/posts"}],"about":[{"href":"https:\/\/proceskhmersrouges.net\/index.php?rest_route=\/wp\/v2\/types\/post"}],"author":[{"embeddable":true,"href":"https:\/\/proceskhmersrouges.net\/index.php?rest_route=\/wp\/v2\/users\/1"}],"replies":[{"embeddable":true,"href":"https:\/\/proceskhmersrouges.net\/index.php?rest_route=%2Fwp%2Fv2%2Fcomments&post=954"}],"version-history":[{"count":9,"href":"https:\/\/proceskhmersrouges.net\/index.php?rest_route=\/wp\/v2\/posts\/954\/revisions"}],"predecessor-version":[{"id":1108,"href":"https:\/\/proceskhmersrouges.net\/index.php?rest_route=\/wp\/v2\/posts\/954\/revisions\/1108"}],"wp:featuredmedia":[{"embeddable":true,"href":"https:\/\/proceskhmersrouges.net\/index.php?rest_route=\/wp\/v2\/media\/961"}],"wp:attachment":[{"href":"https:\/\/proceskhmersrouges.net\/index.php?rest_route=%2Fwp%2Fv2%2Fmedia&parent=954"}],"wp:term":[{"taxonomy":"category","embeddable":true,"href":"https:\/\/proceskhmersrouges.net\/index.php?rest_route=%2Fwp%2Fv2%2Fcategories&post=954"},{"taxonomy":"post_tag","embeddable":true,"href":"https:\/\/proceskhmersrouges.net\/index.php?rest_route=%2Fwp%2Fv2%2Ftags&post=954"}],"curies":[{"name":"wp","href":"https:\/\/api.w.org\/{rel}","templated":true}]}}