{"id":977,"date":"2010-01-15T00:22:13","date_gmt":"2010-01-14T17:22:13","guid":{"rendered":"http:\/\/proceskhmersrouges.net\/?p=977"},"modified":"2010-12-01T23:39:38","modified_gmt":"2010-12-01T16:39:38","slug":"plus-que-deux-semaines-pour-devenir-partie-civile-contre-les-ex-dirigeants-khmers-rouges","status":"publish","type":"post","link":"https:\/\/proceskhmersrouges.net\/?p=977","title":{"rendered":"Plus que deux semaines pour devenir partie civile contre les ex-dirigeants khmers rouges"},"content":{"rendered":"<p><br class=\"spacer_\" \/><\/p>\n<p><br class=\"spacer_\" \/><\/p>\n<figure id=\"attachment_982\" aria-describedby=\"caption-attachment-982\" style=\"width: 400px\" class=\"wp-caption aligncenter\"><img loading=\"lazy\" class=\"size-full wp-image-982\" title=\"10-01-15-illustration-fin-enquete\" src=\"http:\/\/proceskhmersrouges.net\/wp-content\/uploads\/2010\/01\/10-01-15-illustration-fin-enquete.jpg\" alt=\"Au mus\u00e9e Toul Sleng, les anciens bustes \u00e0 l'effigie de Pol Pot ont \u00e9t\u00e9 plac\u00e9s derri\u00e8re des grilles parce qu'ils \u00e9taient d\u00e9grad\u00e9s par les visiteurs. A c\u00f4t\u00e9 : les barres auxquelles \u00e9taient attach\u00e9s les d\u00e9tenus, symbole de l'oppression khm\u00e8re rouge. (Anne-Laure Por\u00e9e)\" width=\"400\" height=\"300\" srcset=\"https:\/\/proceskhmersrouges.net\/wp-content\/uploads\/2010\/01\/10-01-15-illustration-fin-enquete.jpg 400w, https:\/\/proceskhmersrouges.net\/wp-content\/uploads\/2010\/01\/10-01-15-illustration-fin-enquete-300x225.jpg 300w\" sizes=\"(max-width: 400px) 100vw, 400px\" \/><figcaption id=\"caption-attachment-982\" class=\"wp-caption-text\">Au mus\u00e9e Toul Sleng, les anciens bustes \u00e0 l&#39;effigie de Pol Pot ont \u00e9t\u00e9 plac\u00e9s derri\u00e8re des grilles parce qu&#39;ils \u00e9taient d\u00e9grad\u00e9s par les visiteurs. A c\u00f4t\u00e9 : les barres auxquelles \u00e9taient attach\u00e9s les d\u00e9tenus, symbole de l&#39;oppression khm\u00e8re rouge. (Anne-Laure Por\u00e9e)<\/figcaption><\/figure>\n<p><br class=\"spacer_\" \/><\/p>\n<p><br class=\"spacer_\" \/><\/p>\n<p><br class=\"spacer_\" \/><\/p>\n<p>Voil\u00e0 deux ans et demi que le bureau des juges d&rsquo;instruction planche sur le cas des ex-dirigeants khmers rouges sur la base d&rsquo;un texte r\u00e9dig\u00e9 par les co-procureurs, le r\u00e9quisitoire introductif, qui leur a \u00e9t\u00e9 remis le 18 juillet 2007. Le contenu reste confidentiel puisqu&rsquo;il comporte des \u00e9l\u00e9ments de preuve. Mais en substance, les co-procureurs accusent l&rsquo;ancien bras droit de Pol Pot, Nuon Chea, l&rsquo;ancien chef de l&rsquo;Etat, Khieu Samphan, l&rsquo;ancien ministre des Affaires \u00e9trang\u00e8res, Ieng Sary, l&rsquo;ancienne ministre des Affaires sociales, Ieng Thirith et l&rsquo;ancien directeur de S21, Duch, d&rsquo;avoir commis des crimes graves entre le 7 avril 1975 et le 6 janvier 1979.<\/p>\n<p><br class=\"spacer_\" \/><\/p>\n<p><strong>Inculpations de g\u00e9nocide<\/strong><br \/>\n Les charges qui p\u00e8sent contre eux ont \u00e9t\u00e9 rendues publiques au fil de l&rsquo;instruction. D&rsquo;abord lors de leur placement en d\u00e9tention provisoire (pour quatre d&rsquo;entre eux \u00e0 l&rsquo;automne 2007), il a \u00e9t\u00e9 annonc\u00e9 qu&rsquo;ils \u00e9taient inculp\u00e9s de crimes contre l&rsquo;humanit\u00e9 (meurtre, extermination, emprisonnement, pers\u00e9cution et autres actes inhumains) et violations graves des Conventions de Gen\u00e8ve de 1949. Plus r\u00e9cemment, en d\u00e9cembre 2009, Nuon Chea, Ieng Sary, Khieu Samphan et Ieng Thirith ont \u00e9t\u00e9 inculp\u00e9s de g\u00e9nocide commis \u00e0 l&rsquo;encontre des Vietnamiens et des Chams (qui sont des Cambodgiens musulmans pratiquant leur propre langue en plus du khmer). Duch, lui, n&rsquo;est pas accus\u00e9 de g\u00e9nocide.<\/p>\n<p><br class=\"spacer_\" \/><\/p>\n<p><strong>Aucune certitude avant l&rsquo;ordonnance de cl\u00f4ture<\/strong><br \/>\n Est-ce que toutes ces charges seront retenues contre les anciens leaders khmers rouges ? Seront-ils tous poursuivis ? La question turlupine puisque jusqu&rsquo;ici Duch reste dans le collimateur de la justice malgr\u00e9 73 journ\u00e9es d&rsquo;audience pass\u00e9es devant la Chambre de premi\u00e8re instance et cinq journ\u00e9es de plaidoiries des parties. Le verdict concernant ses crimes et responsabilit\u00e9s \u00e0 S21 conclura le proc\u00e8s num\u00e9ro 1. Mais il faudra attendre l&rsquo;ordonnance de cl\u00f4ture du dossier num\u00e9ro 2 pour savoir s&rsquo;il sera poursuivi de nouveau, sur des motifs diff\u00e9rents du premier proc\u00e8s.<br \/>\n Cette ordonnance est l&rsquo;\u00e9tape-cl\u00e9 qui ouvre vers le proc\u00e8s des plus hauts responsables khmers rouges. Normalement&#8230; A moins que les co-procureurs n&rsquo;objectent comme ils l&rsquo;ont fait <a title=\"Nouveau rebondissement dans le proc\u00e8s de Duch\" href=\"http:\/\/ka-set.info\/breves\/breves\/cambodge-actualite-khmers-rouges-tribunal-proces-duch-instruction-080821.html\">dans le cas de Duch<\/a>, retardant le proc\u00e8s num\u00e9ro 1 de six mois parce qu&rsquo;ils voulaient que l&rsquo;entreprise criminelle commune figure au rang des charges contre l&rsquo;ex-chef de S21.<\/p>\n<p><br class=\"spacer_\" \/><\/p>\n<p><strong>Requ\u00eates et d\u00e9lais<\/strong><br \/>\n Sachant qu&rsquo;il leur est impossible d&rsquo;\u00eatre exhaustifs, les juges d&rsquo;instruction estiment qu&rsquo;ils ont, \u00e0 ce jour, suffisamment d&rsquo;\u00e9l\u00e9ments pour d\u00e9cider qu&rsquo;un proc\u00e8s est n\u00e9cessaire. D&rsquo;o\u00f9 la fin des enqu\u00eates. Mais il faut compter sur des \u00e9quipes de d\u00e9fense tenaces pour multiplier les demandes de compl\u00e9ments d&rsquo;enqu\u00eate. Les avocats des parties civiles et les procureurs peuvent aussi soumettre leurs propres requ\u00eates. Tous ont 30 jours pour se manifester. Apr\u00e8s quoi les juges d&rsquo;instruction acceptent ou refusent de proc\u00e9der \u00e0 ces enqu\u00eates compl\u00e9mentaires, et justifient par \u00e9crit leur d\u00e9cision. Si les parties ne sont pas d&rsquo;accord avec cette d\u00e9cision, elles peuvent faire appel aupr\u00e8s de la Chambre pr\u00e9liminaire, qui tranchera.<\/p>\n<p><br class=\"spacer_\" \/><\/p>\n<p><strong>Un proc\u00e8s \u00e0 l&rsquo;horizon 2011 ?<\/strong><br \/>\n Dans le cas o\u00f9 les juges d&rsquo;instruction se lanceraient dans des enqu\u00eates compl\u00e9mentaires, ils devraient de nouveau proc\u00e9der \u00e0 la m\u00eame notification que le 14 janvier. Alors un d\u00e9lai de quinze jours permettrait encore aux diff\u00e9rentes parties de contester ce compl\u00e9ment d&rsquo;enqu\u00eate et seulement ce compl\u00e9ment d&rsquo;enqu\u00eate. Dans le meilleur des cas, s&rsquo;il n&rsquo;y a pas d&rsquo;obstacles, l&rsquo;ordonnance de cl\u00f4ture pourrait \u00eatre rendue en septembre. Au plus t\u00f4t, le proc\u00e8s num\u00e9ro 2 d\u00e9butera fin 2010. <br \/>\n Cependant le cas de Duch a r\u00e9serv\u00e9 suffisamment de surprises pour que nombre d&rsquo;observateurs ne croient pas \u00e0 la tenue du proc\u00e8s num\u00e9ro 2 avant d\u00e9but ou mi-2011.<\/p>\n<p><br class=\"spacer_\" \/><\/p>\n<p><strong>Lib\u00e9r\u00e9s avant leur proc\u00e8s ?<\/strong><br \/>\n Les anciens dirigeants khmers rouges, \u00e2g\u00e9s de 77 \u00e0 84 ans, tiendront-ils jusque-l\u00e0 ? La question est r\u00e9guli\u00e8rement pos\u00e9e en conf\u00e9rence de presse. Une fois encore, sur un ton rassurant, Reach Sambath, chef des relations publiques du tribunal, a expliqu\u00e9 jeudi 14 janvier que les d\u00e9tenus \u00e9taient en bonne sant\u00e9 et qu&rsquo;ils b\u00e9n\u00e9ficiaient de contr\u00f4les m\u00e9dicaux r\u00e9guliers. Hormis ces questions de sant\u00e9, pour l&rsquo;instant, celle de leur lib\u00e9ration n&rsquo;a pas encore \u00e9t\u00e9 soulev\u00e9e. Et pourtant&#8230; Le 19 septembre 2010, Nuon Chea atteindra la fin du d\u00e9lai l\u00e9gal de sa d\u00e9tention provisoire. Il devrait donc \u00eatre lib\u00e9r\u00e9. Le 14 novembre 2010 sera la date butoir pour Ieng Sary et Ieng Thirith, puis le 19 novembre 2010 pour Khieu Samphan.<\/p>\n<p><br class=\"spacer_\" \/><\/p>\n<p><strong>3 494 candidats partie civile<\/strong><br \/>\n Chaque partie joue sa course contre la montre. Ceux qui ont d\u00e9sormais le timing le plus serr\u00e9 sont ceux qui veulent participer au proc\u00e8s en qualit\u00e9 de partie civile. Il leur reste deux semaines pour remplir le formulaire du tribunal et pr\u00e9senter les documents de base requis du type pi\u00e8ce d&rsquo;identit\u00e9. A la date du 31 d\u00e9cembre, 3 494 personnes ont demand\u00e9 \u00e0 se constituer partie civile dans le proc\u00e8s num\u00e9ro 2. Dans le proc\u00e8s num\u00e9ro 1, elles \u00e9taient 94. Certaines furent retoqu\u00e9es par la d\u00e9fense, et se sont retir\u00e9es dans les derni\u00e8res semaines du proc\u00e8s, faute de dossier complet ou coh\u00e9rent. Sur ces 94 personnes, 55 se constituent partie civile aussi dans le cas num\u00e9ro 2. A l&rsquo;heure actuelle les plus grands nombres de parties civiles viennent des provinces de Kampot (ils sont 516), Kandal (338), Kompong Cham (387), Kompong Speu (306), Pursat (238) et Siem Reap (223).<\/p>\n<p><br class=\"spacer_\" \/><\/p>\n<p><strong>\u00catre plaignant sans \u00eatre partie civile<\/strong><br \/>\n Dans certaines provinces, le nombre de plaignants, c&rsquo;est-\u00e0-dire des personnes qui ne se constituent pas partie civile mais s&rsquo;estiment victimes du r\u00e9gime khmer rouge et livrent des informations au tribunal, d\u00e9passe de loin le nombre de constitutions de partie civile. Dans la province de Kompong Thom ils sont 614 plaignants \u00e0 c\u00f4t\u00e9 des 96 dossiers de partie civile. Dans la province de Krati\u00e9, ils sont aussi beaucoup plus nombreux : 397 plaignants pour 102 dossiers de partie civile. Dans la province de Tak\u00e9o : 224 plaignants, qui ne seront donc pas partie au proc\u00e8s, contre 75 dossiers de partie civile. Sans surprise, c&rsquo;est dans les anciens fiefs khmers rouges, Pa\u00eflin et Oddar Meanchey, qu&rsquo;il y a le moins de constitutions de parties civiles (13 \u00e0 Pa\u00eflin par exemple).<\/p>\n<p><br class=\"spacer_\" \/><\/p>\n<p><strong>Focus de l&rsquo;instruction<\/strong><br \/>\n Pour faciliter la constitution de partie civile et livrer quelques \u00e9l\u00e9ments au public sur l&rsquo;\u00e9tendue de l&rsquo;enqu\u00eate, le bureau des juges d&rsquo;instruction avait <a title=\"Documents et cartes pr\u00e9sent\u00e9s par le tribunal\" href=\"http:\/\/www.eccc.gov.kh\/english\/news.view.aspx?doc_id=322\">publi\u00e9 le 5 novembre<\/a> 2009 :<br \/>\n &#8211;\u00a0\u00a0 \u00a0une liste de coop\u00e9ratives et sites de construction sur lesquels ils enqu\u00eataient en particulier (le barrage de Trapeang Thma \u00e0 Banteay Meanchey, l&rsquo;a\u00e9roport de Kompong Chhnang, le barrage du 1er janvier \u00e0 Kompong Thom, le chantier de Srae Ambel \u00e0 Kampot, les coop\u00e9ratives de Tram Kok \u00e0 Tak\u00e9o et S24);<br \/>\n &#8211;\u00a0\u00a0 \u00a0une liste des centres de s\u00e9curit\u00e9 et sites d&rsquo;ex\u00e9cution sur lesquels ils se concentraient (centre de s\u00e9curit\u00e9 de wat Kirirum \u00e0 Battambang, diff\u00e9rents sites \u00e0 Kompong Chhnang; la prison de Kraing Ta Chan \u00e0 Tak\u00e9o, celle de Phnom Kraol dans le Mondolkiri, celle de O Kanseng dans le Rattanakiri ou encore le centre de s\u00e9curit\u00e9 de Siem Reap&#8230;)<br \/>\n &#8211;\u00a0\u00a0 \u00a0enfin une liste d&rsquo;actes dirig\u00e9s contre l&rsquo;ensemble de la population ou contre certains groupes (les d\u00e9placements de population le 17 avril et juste apr\u00e8s; les d\u00e9placements de population dans certaines zones comme la zone Est en 1978; les conditions de vie, les traitements impos\u00e9s aux bouddhistes, aux Vietnamiens, aux\u00a0 Chams, dans certaines zones; les purges de la zone Nord et de la zone Est; les mariages forc\u00e9s).<\/p>\n<p>Le lien avec ces lieux et ces crimes sera d\u00e9terminant pour la constitution de partie civile.<\/p>\n<p><br class=\"spacer_\" \/><\/p>\n<p><br class=\"spacer_\" \/><\/p>\n<p><em><span style=\"text-decoration: underline;\"><strong><span style=\"color: #99cc00;\">Pour info : <\/span><\/strong><\/span><\/em>L&rsquo;Unit\u00e9 des victimes qui accueille toute personne souhaitant se porter partie civile se situe \u00e0 Phnom Penh, au 6A rue 21, pr\u00e8s du Monument de l&rsquo;Ind\u00e9pendance. Tel : 012 84 28 61 ou 097 74 24 218 ou 023 214 291. Mail : victimsunit@eccc.gov.kh<\/p>\n","protected":false},"excerpt":{"rendered":"<p>Jeudi 14 janvier, les juges d\u2019instruction ont officiellement notifi\u00e9 la fin des actes d\u2019enqu\u00eate dans le dossier num\u00e9ro 2 qui concerne Nuon Chea, Ieng Sary, Khieu Samphan, Ieng Thirith et Duch. Cette \u00e9tape ne signe pas encore le d\u00e9but du proc\u00e8s. En revanche, elle sert de rep\u00e8re pour tous ceux qui souhaitent se constituer partie civile : ils doivent \u00eatre enregistr\u00e9s avant le 29 janvier 19 heures.<\/p>\n","protected":false},"author":1,"featured_media":982,"comment_status":"open","ping_status":"open","sticky":false,"template":"","format":"standard","meta":[],"categories":[17],"tags":[],"_links":{"self":[{"href":"https:\/\/proceskhmersrouges.net\/index.php?rest_route=\/wp\/v2\/posts\/977"}],"collection":[{"href":"https:\/\/proceskhmersrouges.net\/index.php?rest_route=\/wp\/v2\/posts"}],"about":[{"href":"https:\/\/proceskhmersrouges.net\/index.php?rest_route=\/wp\/v2\/types\/post"}],"author":[{"embeddable":true,"href":"https:\/\/proceskhmersrouges.net\/index.php?rest_route=\/wp\/v2\/users\/1"}],"replies":[{"embeddable":true,"href":"https:\/\/proceskhmersrouges.net\/index.php?rest_route=%2Fwp%2Fv2%2Fcomments&post=977"}],"version-history":[{"count":10,"href":"https:\/\/proceskhmersrouges.net\/index.php?rest_route=\/wp\/v2\/posts\/977\/revisions"}],"predecessor-version":[{"id":1103,"href":"https:\/\/proceskhmersrouges.net\/index.php?rest_route=\/wp\/v2\/posts\/977\/revisions\/1103"}],"wp:featuredmedia":[{"embeddable":true,"href":"https:\/\/proceskhmersrouges.net\/index.php?rest_route=\/wp\/v2\/media\/982"}],"wp:attachment":[{"href":"https:\/\/proceskhmersrouges.net\/index.php?rest_route=%2Fwp%2Fv2%2Fmedia&parent=977"}],"wp:term":[{"taxonomy":"category","embeddable":true,"href":"https:\/\/proceskhmersrouges.net\/index.php?rest_route=%2Fwp%2Fv2%2Fcategories&post=977"},{"taxonomy":"post_tag","embeddable":true,"href":"https:\/\/proceskhmersrouges.net\/index.php?rest_route=%2Fwp%2Fv2%2Ftags&post=977"}],"curies":[{"name":"wp","href":"https:\/\/api.w.org\/{rel}","templated":true}]}}